{"id":775,"date":"2009-05-01T12:37:00","date_gmt":"2009-05-01T11:37:00","guid":{"rendered":"https:\/\/dev.backstein-objekte.de\/?p=775"},"modified":"2020-04-13T12:39:28","modified_gmt":"2020-04-13T11:39:28","slug":"blumenfrau","status":"publish","type":"post","link":"https:\/\/www.backstein-objekte.de\/index.php\/galerie\/blumenfrau\/","title":{"rendered":"Blumenfrau"},"content":{"rendered":"\n<p>Anfang 2009 hatte ich in meiner Werkstatt des \u00d6fteren die Fotografin Kim  Kohlhepp zu Gast, um f\u00fcr mein Buch \u201eKunst aus Beton\u201c die Entstehung der Blumenfrau Irma zu dokumentieren. Ich wollte daran zeigen, wie man in M\u00e2ch\u00e9technik arbeitet und w\u00e4hlte als Motiv ein Original aus unserem Dorf in typischer Dorftracht. Es war Winter und ziemlich kalt in meiner Werkstatt, und so modellierte ich dass die Fetzen flogen, einerseits, um mich warm zu halten, andererseits um schnell fertig zu werden. Es ging wirklich schnell, denn schon nach zwei Wochen war die Dame komplett modelliert. Die Bemalung machte ich dann in der ersten Fr\u00fchlingssonne, und am 1. Mai wurde Irma in unserem Dorf aufgestellt. <\/p>\n","protected":false},"excerpt":{"rendered":"<p>Anfang 2009 hatte ich in meiner Werkstatt des \u00d6fteren die Fotografin Kim Kohlhepp zu Gast, um f\u00fcr mein Buch \u201eKunst aus Beton\u201c die Entstehung der Blumenfrau Irma zu dokumentieren. Ich wollte daran zeigen, wie man in M\u00e2ch\u00e9technik arbeitet und w\u00e4hlte als Motiv ein Original aus unserem Dorf in typischer Dorftracht. Es war Winter und ziemlich [&hellip;]<\/p>\n","protected":false},"author":1,"featured_media":776,"comment_status":"open","ping_status":"closed","sticky":false,"template":"","format":"standard","meta":[],"categories":[2],"tags":[],"yoast_head":"<!-- This site is optimized with the Yoast SEO plugin v15.9.2 - https:\/\/yoast.com\/wordpress\/plugins\/seo\/ -->\n<title>Blumenfrau - Sven Backstein<\/title>\n<meta name=\"robots\" content=\"index, follow, max-snippet:-1, max-image-preview:large, max-video-preview:-1\" \/>\n<link rel=\"canonical\" href=\"https:\/\/www.backstein-objekte.de\/index.php\/galerie\/blumenfrau\/\" \/>\n<meta property=\"og:locale\" content=\"de_DE\" \/>\n<meta property=\"og:type\" content=\"article\" \/>\n<meta property=\"og:title\" content=\"Blumenfrau - Sven Backstein\" \/>\n<meta property=\"og:description\" content=\"Anfang 2009 hatte ich in meiner Werkstatt des \u00d6fteren die Fotografin Kim Kohlhepp zu Gast, um f\u00fcr mein Buch \u201eKunst aus Beton\u201c die Entstehung der Blumenfrau Irma zu dokumentieren. Ich wollte daran zeigen, wie man in M\u00e2ch\u00e9technik arbeitet und w\u00e4hlte als Motiv ein Original aus unserem Dorf in typischer Dorftracht. Es war Winter und ziemlich [&hellip;]\" \/>\n<meta property=\"og:url\" content=\"https:\/\/www.backstein-objekte.de\/index.php\/galerie\/blumenfrau\/\" \/>\n<meta property=\"og:site_name\" content=\"Sven Backstein\" \/>\n<meta property=\"article:published_time\" content=\"2009-05-01T11:37:00+00:00\" \/>\n<meta property=\"article:modified_time\" content=\"2020-04-13T11:39:28+00:00\" \/>\n<meta property=\"og:image\" content=\"https:\/\/www.backstein-objekte.de\/wp-content\/uploads\/2020\/04\/blumenfrau.jpg\" \/>\n\t<meta property=\"og:image:width\" content=\"413\" \/>\n\t<meta property=\"og:image:height\" content=\"620\" \/>\n<meta name=\"twitter:card\" content=\"summary_large_image\" \/>\n<meta name=\"twitter:label1\" content=\"Gesch\u00e4tzte Lesezeit\">\n\t<meta name=\"twitter:data1\" content=\"1\u00a0Minute\">\n<script type=\"application\/ld+json\" class=\"yoast-schema-graph\">{\"@context\":\"https:\/\/schema.org\",\"@graph\":[{\"@type\":\"WebSite\",\"@id\":\"https:\/\/www.backstein-objekte.de\/#website\",\"url\":\"https:\/\/www.backstein-objekte.de\/\",\"name\":\"Sven Backstein\",\"description\":\"Kunst aus Beton\",\"potentialAction\":[{\"@type\":\"SearchAction\",\"target\":\"https:\/\/www.backstein-objekte.de\/?s={search_term_string}\",\"query-input\":\"required name=search_term_string\"}],\"inLanguage\":\"de\"},{\"@type\":\"ImageObject\",\"@id\":\"https:\/\/www.backstein-objekte.de\/index.php\/galerie\/blumenfrau\/#primaryimage\",\"inLanguage\":\"de\",\"url\":\"https:\/\/www.backstein-objekte.de\/wp-content\/uploads\/2020\/04\/blumenfrau.jpg\",\"width\":413,\"height\":620},{\"@type\":\"WebPage\",\"@id\":\"https:\/\/www.backstein-objekte.de\/index.php\/galerie\/blumenfrau\/#webpage\",\"url\":\"https:\/\/www.backstein-objekte.de\/index.php\/galerie\/blumenfrau\/\",\"name\":\"Blumenfrau - Sven Backstein\",\"isPartOf\":{\"@id\":\"https:\/\/www.backstein-objekte.de\/#website\"},\"primaryImageOfPage\":{\"@id\":\"https:\/\/www.backstein-objekte.de\/index.php\/galerie\/blumenfrau\/#primaryimage\"},\"datePublished\":\"2009-05-01T11:37:00+00:00\",\"dateModified\":\"2020-04-13T11:39:28+00:00\",\"author\":{\"@id\":\"https:\/\/www.backstein-objekte.de\/#\/schema\/person\/0b84c58210052873bd903c8fd69a18e6\"},\"breadcrumb\":{\"@id\":\"https:\/\/www.backstein-objekte.de\/index.php\/galerie\/blumenfrau\/#breadcrumb\"},\"inLanguage\":\"de\",\"potentialAction\":[{\"@type\":\"ReadAction\",\"target\":[\"https:\/\/www.backstein-objekte.de\/index.php\/galerie\/blumenfrau\/\"]}]},{\"@type\":\"BreadcrumbList\",\"@id\":\"https:\/\/www.backstein-objekte.de\/index.php\/galerie\/blumenfrau\/#breadcrumb\",\"itemListElement\":[{\"@type\":\"ListItem\",\"position\":1,\"item\":{\"@type\":\"WebPage\",\"@id\":\"https:\/\/www.backstein-objekte.de\/\",\"url\":\"https:\/\/www.backstein-objekte.de\/\",\"name\":\"Home\"}},{\"@type\":\"ListItem\",\"position\":2,\"item\":{\"@type\":\"WebPage\",\"@id\":\"https:\/\/www.backstein-objekte.de\/index.php\/galerie\/blumenfrau\/\",\"url\":\"https:\/\/www.backstein-objekte.de\/index.php\/galerie\/blumenfrau\/\",\"name\":\"Blumenfrau\"}}]},{\"@type\":\"Person\",\"@id\":\"https:\/\/www.backstein-objekte.de\/#\/schema\/person\/0b84c58210052873bd903c8fd69a18e6\",\"name\":\"Sven Backstein\",\"image\":{\"@type\":\"ImageObject\",\"@id\":\"https:\/\/www.backstein-objekte.de\/#personlogo\",\"inLanguage\":\"de\",\"url\":\"https:\/\/secure.gravatar.com\/avatar\/b6199e90e65acbacbae21b3264397a96?s=96&d=mm&r=g\",\"caption\":\"Sven Backstein\"}}]}<\/script>\n<!-- \/ Yoast SEO plugin. -->","_links":{"self":[{"href":"https:\/\/www.backstein-objekte.de\/index.php\/wp-json\/wp\/v2\/posts\/775"}],"collection":[{"href":"https:\/\/www.backstein-objekte.de\/index.php\/wp-json\/wp\/v2\/posts"}],"about":[{"href":"https:\/\/www.backstein-objekte.de\/index.php\/wp-json\/wp\/v2\/types\/post"}],"author":[{"embeddable":true,"href":"https:\/\/www.backstein-objekte.de\/index.php\/wp-json\/wp\/v2\/users\/1"}],"replies":[{"embeddable":true,"href":"https:\/\/www.backstein-objekte.de\/index.php\/wp-json\/wp\/v2\/comments?post=775"}],"version-history":[{"count":1,"href":"https:\/\/www.backstein-objekte.de\/index.php\/wp-json\/wp\/v2\/posts\/775\/revisions"}],"predecessor-version":[{"id":777,"href":"https:\/\/www.backstein-objekte.de\/index.php\/wp-json\/wp\/v2\/posts\/775\/revisions\/777"}],"wp:featuredmedia":[{"embeddable":true,"href":"https:\/\/www.backstein-objekte.de\/index.php\/wp-json\/wp\/v2\/media\/776"}],"wp:attachment":[{"href":"https:\/\/www.backstein-objekte.de\/index.php\/wp-json\/wp\/v2\/media?parent=775"}],"wp:term":[{"taxonomy":"category","embeddable":true,"href":"https:\/\/www.backstein-objekte.de\/index.php\/wp-json\/wp\/v2\/categories?post=775"},{"taxonomy":"post_tag","embeddable":true,"href":"https:\/\/www.backstein-objekte.de\/index.php\/wp-json\/wp\/v2\/tags?post=775"}],"curies":[{"name":"wp","href":"https:\/\/api.w.org\/{rel}","templated":true}]}}