{"id":769,"date":"2009-03-13T12:35:00","date_gmt":"2009-03-13T11:35:00","guid":{"rendered":"https:\/\/dev.backstein-objekte.de\/?p=769"},"modified":"2020-04-13T12:36:33","modified_gmt":"2020-04-13T11:36:33","slug":"pieta","status":"publish","type":"post","link":"https:\/\/www.backstein-objekte.de\/index.php\/galerie\/pieta\/","title":{"rendered":"Piet\u00e0"},"content":{"rendered":"\n<p>Angeregt\n durch die R\u00f6mische Piet\u00e0 von Michelangelo fasste ich Anfang 2008 den \nEntschluss, mich auch diesem Thema zu widmen. Unser Pfarrer, obwohl \nevangelisch, war sofort dabei und bot mir einen Platz in der Heftricher \nDorfkirche an.&nbsp;Mein Entwurf fiel weit bescheidener aus als der \nMichelangelos, allerdings \u00fcbernahm ich seine Anordnung der sitzenden \nMaria und des auf ihrem Scho\u00df liegenden Leichnams Jesu.<\/p>\n\n\n\n<p>In meiner Fassung sind die K\u00f6rper von Jesus und Maria gar nicht \nvorhanden, sondern man sieht allein Marias Mantel, in dessen Inneres \nKerzen gestellt werden sollen. Wenn man das tut, entsteht ein sehr \nlebendiges Flackern auf der in Gold gefassten Innenseite. Ohne Kerzen \nwirkt dagegen alles sehr tot.<\/p>\n\n\n\n<p>Als ich im M\u00e4rz 2009, zwei Wochen vor Karfreitag, meine Piet\u00e0&nbsp;der \n\u00d6ffentlichkeit vorstellen durfte, fand zu meiner \u00dcberraschung niemand \ndie Darstellung zu abstrakt, obwohl ich so ziemlich alles weggelassen \nhatte, was man weglassen kann. Die Menschen scheinen eher dankbar, wenn \ndas eigentliche Bild nur in ihren K\u00f6pfen entsteht.<\/p>\n\n\n\n<p>Irgendwann m\u00f6chte ich meine Piet\u00e0 noch einmal in gro\u00df bauen. Dann ist\n sie wie eine offene Kapelle, in die man hineingehen kann. Noch fehlen \nmir dazu allerdings der richtige Ort und die n\u00f6tigen Geldgeber.<\/p>\n","protected":false},"excerpt":{"rendered":"<p>Angeregt durch die R\u00f6mische Piet\u00e0 von Michelangelo fasste ich Anfang 2008 den Entschluss, mich auch diesem Thema zu widmen. Unser Pfarrer, obwohl evangelisch, war sofort dabei und bot mir einen Platz in der Heftricher Dorfkirche an.&nbsp;Mein Entwurf fiel weit bescheidener aus als der Michelangelos, allerdings \u00fcbernahm ich seine Anordnung der sitzenden Maria und des auf [&hellip;]<\/p>\n","protected":false},"author":1,"featured_media":770,"comment_status":"open","ping_status":"closed","sticky":false,"template":"","format":"standard","meta":[],"categories":[2],"tags":[],"yoast_head":"<!-- This site is optimized with the Yoast SEO plugin v15.9.2 - https:\/\/yoast.com\/wordpress\/plugins\/seo\/ -->\n<title>Piet\u00e0 - Sven Backstein<\/title>\n<meta name=\"robots\" content=\"index, follow, max-snippet:-1, max-image-preview:large, max-video-preview:-1\" \/>\n<link rel=\"canonical\" href=\"https:\/\/www.backstein-objekte.de\/index.php\/galerie\/pieta\/\" \/>\n<meta property=\"og:locale\" content=\"de_DE\" \/>\n<meta property=\"og:type\" content=\"article\" \/>\n<meta property=\"og:title\" content=\"Piet\u00e0 - Sven Backstein\" \/>\n<meta property=\"og:description\" content=\"Angeregt durch die R\u00f6mische Piet\u00e0 von Michelangelo fasste ich Anfang 2008 den Entschluss, mich auch diesem Thema zu widmen. Unser Pfarrer, obwohl evangelisch, war sofort dabei und bot mir einen Platz in der Heftricher Dorfkirche an.&nbsp;Mein Entwurf fiel weit bescheidener aus als der Michelangelos, allerdings \u00fcbernahm ich seine Anordnung der sitzenden Maria und des auf [&hellip;]\" \/>\n<meta property=\"og:url\" content=\"https:\/\/www.backstein-objekte.de\/index.php\/galerie\/pieta\/\" \/>\n<meta property=\"og:site_name\" content=\"Sven Backstein\" \/>\n<meta property=\"article:published_time\" content=\"2009-03-13T11:35:00+00:00\" \/>\n<meta property=\"article:modified_time\" content=\"2020-04-13T11:36:33+00:00\" \/>\n<meta property=\"og:image\" content=\"https:\/\/www.backstein-objekte.de\/wp-content\/uploads\/2020\/04\/Pieta.jpg\" \/>\n\t<meta property=\"og:image:width\" content=\"413\" \/>\n\t<meta property=\"og:image:height\" content=\"620\" \/>\n<meta name=\"twitter:card\" content=\"summary_large_image\" \/>\n<meta name=\"twitter:label1\" content=\"Gesch\u00e4tzte Lesezeit\">\n\t<meta name=\"twitter:data1\" content=\"1\u00a0Minute\">\n<script type=\"application\/ld+json\" class=\"yoast-schema-graph\">{\"@context\":\"https:\/\/schema.org\",\"@graph\":[{\"@type\":\"WebSite\",\"@id\":\"https:\/\/www.backstein-objekte.de\/#website\",\"url\":\"https:\/\/www.backstein-objekte.de\/\",\"name\":\"Sven Backstein\",\"description\":\"Kunst aus Beton\",\"potentialAction\":[{\"@type\":\"SearchAction\",\"target\":\"https:\/\/www.backstein-objekte.de\/?s={search_term_string}\",\"query-input\":\"required name=search_term_string\"}],\"inLanguage\":\"de\"},{\"@type\":\"ImageObject\",\"@id\":\"https:\/\/www.backstein-objekte.de\/index.php\/galerie\/pieta\/#primaryimage\",\"inLanguage\":\"de\",\"url\":\"https:\/\/www.backstein-objekte.de\/wp-content\/uploads\/2020\/04\/Pieta.jpg\",\"width\":413,\"height\":620},{\"@type\":\"WebPage\",\"@id\":\"https:\/\/www.backstein-objekte.de\/index.php\/galerie\/pieta\/#webpage\",\"url\":\"https:\/\/www.backstein-objekte.de\/index.php\/galerie\/pieta\/\",\"name\":\"Piet\\u00e0 - Sven Backstein\",\"isPartOf\":{\"@id\":\"https:\/\/www.backstein-objekte.de\/#website\"},\"primaryImageOfPage\":{\"@id\":\"https:\/\/www.backstein-objekte.de\/index.php\/galerie\/pieta\/#primaryimage\"},\"datePublished\":\"2009-03-13T11:35:00+00:00\",\"dateModified\":\"2020-04-13T11:36:33+00:00\",\"author\":{\"@id\":\"https:\/\/www.backstein-objekte.de\/#\/schema\/person\/0b84c58210052873bd903c8fd69a18e6\"},\"breadcrumb\":{\"@id\":\"https:\/\/www.backstein-objekte.de\/index.php\/galerie\/pieta\/#breadcrumb\"},\"inLanguage\":\"de\",\"potentialAction\":[{\"@type\":\"ReadAction\",\"target\":[\"https:\/\/www.backstein-objekte.de\/index.php\/galerie\/pieta\/\"]}]},{\"@type\":\"BreadcrumbList\",\"@id\":\"https:\/\/www.backstein-objekte.de\/index.php\/galerie\/pieta\/#breadcrumb\",\"itemListElement\":[{\"@type\":\"ListItem\",\"position\":1,\"item\":{\"@type\":\"WebPage\",\"@id\":\"https:\/\/www.backstein-objekte.de\/\",\"url\":\"https:\/\/www.backstein-objekte.de\/\",\"name\":\"Home\"}},{\"@type\":\"ListItem\",\"position\":2,\"item\":{\"@type\":\"WebPage\",\"@id\":\"https:\/\/www.backstein-objekte.de\/index.php\/galerie\/pieta\/\",\"url\":\"https:\/\/www.backstein-objekte.de\/index.php\/galerie\/pieta\/\",\"name\":\"Piet\\u00e0\"}}]},{\"@type\":\"Person\",\"@id\":\"https:\/\/www.backstein-objekte.de\/#\/schema\/person\/0b84c58210052873bd903c8fd69a18e6\",\"name\":\"Sven Backstein\",\"image\":{\"@type\":\"ImageObject\",\"@id\":\"https:\/\/www.backstein-objekte.de\/#personlogo\",\"inLanguage\":\"de\",\"url\":\"https:\/\/secure.gravatar.com\/avatar\/b6199e90e65acbacbae21b3264397a96?s=96&d=mm&r=g\",\"caption\":\"Sven Backstein\"}}]}<\/script>\n<!-- \/ Yoast SEO plugin. -->","_links":{"self":[{"href":"https:\/\/www.backstein-objekte.de\/index.php\/wp-json\/wp\/v2\/posts\/769"}],"collection":[{"href":"https:\/\/www.backstein-objekte.de\/index.php\/wp-json\/wp\/v2\/posts"}],"about":[{"href":"https:\/\/www.backstein-objekte.de\/index.php\/wp-json\/wp\/v2\/types\/post"}],"author":[{"embeddable":true,"href":"https:\/\/www.backstein-objekte.de\/index.php\/wp-json\/wp\/v2\/users\/1"}],"replies":[{"embeddable":true,"href":"https:\/\/www.backstein-objekte.de\/index.php\/wp-json\/wp\/v2\/comments?post=769"}],"version-history":[{"count":1,"href":"https:\/\/www.backstein-objekte.de\/index.php\/wp-json\/wp\/v2\/posts\/769\/revisions"}],"predecessor-version":[{"id":771,"href":"https:\/\/www.backstein-objekte.de\/index.php\/wp-json\/wp\/v2\/posts\/769\/revisions\/771"}],"wp:featuredmedia":[{"embeddable":true,"href":"https:\/\/www.backstein-objekte.de\/index.php\/wp-json\/wp\/v2\/media\/770"}],"wp:attachment":[{"href":"https:\/\/www.backstein-objekte.de\/index.php\/wp-json\/wp\/v2\/media?parent=769"}],"wp:term":[{"taxonomy":"category","embeddable":true,"href":"https:\/\/www.backstein-objekte.de\/index.php\/wp-json\/wp\/v2\/categories?post=769"},{"taxonomy":"post_tag","embeddable":true,"href":"https:\/\/www.backstein-objekte.de\/index.php\/wp-json\/wp\/v2\/tags?post=769"}],"curies":[{"name":"wp","href":"https:\/\/api.w.org\/{rel}","templated":true}]}}