{"id":766,"date":"2008-10-22T12:34:00","date_gmt":"2008-10-22T11:34:00","guid":{"rendered":"https:\/\/dev.backstein-objekte.de\/?p=766"},"modified":"2020-04-13T12:35:33","modified_gmt":"2020-04-13T11:35:33","slug":"opa-mit-kind","status":"publish","type":"post","link":"https:\/\/www.backstein-objekte.de\/index.php\/galerie\/opa-mit-kind\/","title":{"rendered":"Opa mit Kind"},"content":{"rendered":"\n<p>Der Auftakt zu einer Reihe von Plastiken f\u00fcr\u00a0die Idsteiner Innenstadt  war dieses Paar. Zur Aufstellung\u00a0am 22. Oktober 2008 erschien der  B\u00fcrgermeister pers\u00f6nlich und \u00e4u\u00dferte sich sehr anerkennend. F\u00fcr mich war es das erste gezielt f\u00fcr den \u00f6ffentlichen Raum gestaltete Objekt und deshalb ein wichtiger Meilenstein. Leider zog das Werk nicht nur die  Begeisterung der Idsteiner B\u00fcrger sondern auch die\u00a0hartn\u00e4ckiger Vandalen  auf sich, weshalb ich es nicht an seinem Platz belassen konnte. Jetzt sitzen die beiden in Timmendorfer Strand und genie\u00dfen die Seeluft. Bei der dortigen Ostseegalerie kann man sie sogar erwerben. <\/p>\n","protected":false},"excerpt":{"rendered":"<p>Der Auftakt zu einer Reihe von Plastiken f\u00fcr\u00a0die Idsteiner Innenstadt war dieses Paar. Zur Aufstellung\u00a0am 22. Oktober 2008 erschien der B\u00fcrgermeister pers\u00f6nlich und \u00e4u\u00dferte sich sehr anerkennend. F\u00fcr mich war es das erste gezielt f\u00fcr den \u00f6ffentlichen Raum gestaltete Objekt und deshalb ein wichtiger Meilenstein. Leider zog das Werk nicht nur die Begeisterung der Idsteiner [&hellip;]<\/p>\n","protected":false},"author":1,"featured_media":767,"comment_status":"open","ping_status":"closed","sticky":false,"template":"","format":"standard","meta":[],"categories":[2],"tags":[],"yoast_head":"<!-- This site is optimized with the Yoast SEO plugin v15.9.2 - https:\/\/yoast.com\/wordpress\/plugins\/seo\/ -->\n<title>Opa mit Kind - Sven Backstein<\/title>\n<meta name=\"robots\" content=\"index, follow, max-snippet:-1, max-image-preview:large, max-video-preview:-1\" \/>\n<link rel=\"canonical\" href=\"https:\/\/www.backstein-objekte.de\/index.php\/galerie\/opa-mit-kind\/\" \/>\n<meta property=\"og:locale\" content=\"de_DE\" \/>\n<meta property=\"og:type\" content=\"article\" \/>\n<meta property=\"og:title\" content=\"Opa mit Kind - Sven Backstein\" \/>\n<meta property=\"og:description\" content=\"Der Auftakt zu einer Reihe von Plastiken f\u00fcr\u00a0die Idsteiner Innenstadt war dieses Paar. Zur Aufstellung\u00a0am 22. Oktober 2008 erschien der B\u00fcrgermeister pers\u00f6nlich und \u00e4u\u00dferte sich sehr anerkennend. F\u00fcr mich war es das erste gezielt f\u00fcr den \u00f6ffentlichen Raum gestaltete Objekt und deshalb ein wichtiger Meilenstein. Leider zog das Werk nicht nur die Begeisterung der Idsteiner [&hellip;]\" \/>\n<meta property=\"og:url\" content=\"https:\/\/www.backstein-objekte.de\/index.php\/galerie\/opa-mit-kind\/\" \/>\n<meta property=\"og:site_name\" content=\"Sven Backstein\" \/>\n<meta property=\"article:published_time\" content=\"2008-10-22T11:34:00+00:00\" \/>\n<meta property=\"article:modified_time\" content=\"2020-04-13T11:35:33+00:00\" \/>\n<meta property=\"og:image\" content=\"https:\/\/www.backstein-objekte.de\/wp-content\/uploads\/2020\/04\/Opa_2.jpg\" \/>\n\t<meta property=\"og:image:width\" content=\"413\" \/>\n\t<meta property=\"og:image:height\" content=\"325\" \/>\n<meta name=\"twitter:card\" content=\"summary_large_image\" \/>\n<meta name=\"twitter:label1\" content=\"Gesch\u00e4tzte Lesezeit\">\n\t<meta name=\"twitter:data1\" content=\"1\u00a0Minute\">\n<script type=\"application\/ld+json\" class=\"yoast-schema-graph\">{\"@context\":\"https:\/\/schema.org\",\"@graph\":[{\"@type\":\"WebSite\",\"@id\":\"https:\/\/www.backstein-objekte.de\/#website\",\"url\":\"https:\/\/www.backstein-objekte.de\/\",\"name\":\"Sven Backstein\",\"description\":\"Kunst aus Beton\",\"potentialAction\":[{\"@type\":\"SearchAction\",\"target\":\"https:\/\/www.backstein-objekte.de\/?s={search_term_string}\",\"query-input\":\"required name=search_term_string\"}],\"inLanguage\":\"de\"},{\"@type\":\"ImageObject\",\"@id\":\"https:\/\/www.backstein-objekte.de\/index.php\/galerie\/opa-mit-kind\/#primaryimage\",\"inLanguage\":\"de\",\"url\":\"https:\/\/www.backstein-objekte.de\/wp-content\/uploads\/2020\/04\/Opa_2.jpg\",\"width\":413,\"height\":325},{\"@type\":\"WebPage\",\"@id\":\"https:\/\/www.backstein-objekte.de\/index.php\/galerie\/opa-mit-kind\/#webpage\",\"url\":\"https:\/\/www.backstein-objekte.de\/index.php\/galerie\/opa-mit-kind\/\",\"name\":\"Opa mit Kind - Sven Backstein\",\"isPartOf\":{\"@id\":\"https:\/\/www.backstein-objekte.de\/#website\"},\"primaryImageOfPage\":{\"@id\":\"https:\/\/www.backstein-objekte.de\/index.php\/galerie\/opa-mit-kind\/#primaryimage\"},\"datePublished\":\"2008-10-22T11:34:00+00:00\",\"dateModified\":\"2020-04-13T11:35:33+00:00\",\"author\":{\"@id\":\"https:\/\/www.backstein-objekte.de\/#\/schema\/person\/0b84c58210052873bd903c8fd69a18e6\"},\"breadcrumb\":{\"@id\":\"https:\/\/www.backstein-objekte.de\/index.php\/galerie\/opa-mit-kind\/#breadcrumb\"},\"inLanguage\":\"de\",\"potentialAction\":[{\"@type\":\"ReadAction\",\"target\":[\"https:\/\/www.backstein-objekte.de\/index.php\/galerie\/opa-mit-kind\/\"]}]},{\"@type\":\"BreadcrumbList\",\"@id\":\"https:\/\/www.backstein-objekte.de\/index.php\/galerie\/opa-mit-kind\/#breadcrumb\",\"itemListElement\":[{\"@type\":\"ListItem\",\"position\":1,\"item\":{\"@type\":\"WebPage\",\"@id\":\"https:\/\/www.backstein-objekte.de\/\",\"url\":\"https:\/\/www.backstein-objekte.de\/\",\"name\":\"Home\"}},{\"@type\":\"ListItem\",\"position\":2,\"item\":{\"@type\":\"WebPage\",\"@id\":\"https:\/\/www.backstein-objekte.de\/index.php\/galerie\/opa-mit-kind\/\",\"url\":\"https:\/\/www.backstein-objekte.de\/index.php\/galerie\/opa-mit-kind\/\",\"name\":\"Opa mit Kind\"}}]},{\"@type\":\"Person\",\"@id\":\"https:\/\/www.backstein-objekte.de\/#\/schema\/person\/0b84c58210052873bd903c8fd69a18e6\",\"name\":\"Sven Backstein\",\"image\":{\"@type\":\"ImageObject\",\"@id\":\"https:\/\/www.backstein-objekte.de\/#personlogo\",\"inLanguage\":\"de\",\"url\":\"https:\/\/secure.gravatar.com\/avatar\/b6199e90e65acbacbae21b3264397a96?s=96&d=mm&r=g\",\"caption\":\"Sven Backstein\"}}]}<\/script>\n<!-- \/ Yoast SEO plugin. -->","_links":{"self":[{"href":"https:\/\/www.backstein-objekte.de\/index.php\/wp-json\/wp\/v2\/posts\/766"}],"collection":[{"href":"https:\/\/www.backstein-objekte.de\/index.php\/wp-json\/wp\/v2\/posts"}],"about":[{"href":"https:\/\/www.backstein-objekte.de\/index.php\/wp-json\/wp\/v2\/types\/post"}],"author":[{"embeddable":true,"href":"https:\/\/www.backstein-objekte.de\/index.php\/wp-json\/wp\/v2\/users\/1"}],"replies":[{"embeddable":true,"href":"https:\/\/www.backstein-objekte.de\/index.php\/wp-json\/wp\/v2\/comments?post=766"}],"version-history":[{"count":1,"href":"https:\/\/www.backstein-objekte.de\/index.php\/wp-json\/wp\/v2\/posts\/766\/revisions"}],"predecessor-version":[{"id":768,"href":"https:\/\/www.backstein-objekte.de\/index.php\/wp-json\/wp\/v2\/posts\/766\/revisions\/768"}],"wp:featuredmedia":[{"embeddable":true,"href":"https:\/\/www.backstein-objekte.de\/index.php\/wp-json\/wp\/v2\/media\/767"}],"wp:attachment":[{"href":"https:\/\/www.backstein-objekte.de\/index.php\/wp-json\/wp\/v2\/media?parent=766"}],"wp:term":[{"taxonomy":"category","embeddable":true,"href":"https:\/\/www.backstein-objekte.de\/index.php\/wp-json\/wp\/v2\/categories?post=766"},{"taxonomy":"post_tag","embeddable":true,"href":"https:\/\/www.backstein-objekte.de\/index.php\/wp-json\/wp\/v2\/tags?post=766"}],"curies":[{"name":"wp","href":"https:\/\/api.w.org\/{rel}","templated":true}]}}