{"id":695,"date":"1990-11-13T11:55:00","date_gmt":"1990-11-13T10:55:00","guid":{"rendered":"https:\/\/dev.backstein-objekte.de\/?p=695"},"modified":"2020-04-13T11:56:23","modified_gmt":"2020-04-13T10:56:23","slug":"bauchladenmann","status":"publish","type":"post","link":"https:\/\/www.backstein-objekte.de\/index.php\/galerie\/bauchladenmann\/","title":{"rendered":"Bauchladenmann"},"content":{"rendered":"\n<p>1990 hatte ich die Idee zum Bauchladenmann, dem Verk\u00e4ufer, der sein Gesch\u00e4ft am Leibe tr\u00e4gt und das, was er zeigen will, so offen  pr\u00e4sentiert, wie nur eben m\u00f6glich, w\u00e4hrend sein stummes Gesicht den Blick auf das Ungezeigte in seinen Gedanken verbirgt. Eine einfache und klare Sache. Und doch mit dem ersten Blick nicht zu erfassen. <\/p>\n","protected":false},"excerpt":{"rendered":"<p>1990 hatte ich die Idee zum Bauchladenmann, dem Verk\u00e4ufer, der sein Gesch\u00e4ft am Leibe tr\u00e4gt und das, was er zeigen will, so offen pr\u00e4sentiert, wie nur eben m\u00f6glich, w\u00e4hrend sein stummes Gesicht den Blick auf das Ungezeigte in seinen Gedanken verbirgt. Eine einfache und klare Sache. Und doch mit dem ersten Blick nicht zu erfassen.<\/p>\n","protected":false},"author":1,"featured_media":696,"comment_status":"open","ping_status":"closed","sticky":false,"template":"","format":"standard","meta":[],"categories":[2],"tags":[],"yoast_head":"<!-- This site is optimized with the Yoast SEO plugin v15.9.2 - https:\/\/yoast.com\/wordpress\/plugins\/seo\/ -->\n<title>Bauchladenmann - Sven Backstein<\/title>\n<meta name=\"robots\" content=\"index, follow, max-snippet:-1, max-image-preview:large, max-video-preview:-1\" \/>\n<link rel=\"canonical\" href=\"https:\/\/www.backstein-objekte.de\/index.php\/galerie\/bauchladenmann\/\" \/>\n<meta property=\"og:locale\" content=\"de_DE\" \/>\n<meta property=\"og:type\" content=\"article\" \/>\n<meta property=\"og:title\" content=\"Bauchladenmann - Sven Backstein\" \/>\n<meta property=\"og:description\" content=\"1990 hatte ich die Idee zum Bauchladenmann, dem Verk\u00e4ufer, der sein Gesch\u00e4ft am Leibe tr\u00e4gt und das, was er zeigen will, so offen pr\u00e4sentiert, wie nur eben m\u00f6glich, w\u00e4hrend sein stummes Gesicht den Blick auf das Ungezeigte in seinen Gedanken verbirgt. Eine einfache und klare Sache. Und doch mit dem ersten Blick nicht zu erfassen.\" \/>\n<meta property=\"og:url\" content=\"https:\/\/www.backstein-objekte.de\/index.php\/galerie\/bauchladenmann\/\" \/>\n<meta property=\"og:site_name\" content=\"Sven Backstein\" \/>\n<meta property=\"article:published_time\" content=\"1990-11-13T10:55:00+00:00\" \/>\n<meta property=\"article:modified_time\" content=\"2020-04-13T10:56:23+00:00\" \/>\n<meta property=\"og:image\" content=\"https:\/\/www.backstein-objekte.de\/wp-content\/uploads\/2020\/04\/Bauchladenmann.jpg\" \/>\n\t<meta property=\"og:image:width\" content=\"413\" \/>\n\t<meta property=\"og:image:height\" content=\"467\" \/>\n<meta name=\"twitter:card\" content=\"summary_large_image\" \/>\n<script type=\"application\/ld+json\" class=\"yoast-schema-graph\">{\"@context\":\"https:\/\/schema.org\",\"@graph\":[{\"@type\":\"WebSite\",\"@id\":\"https:\/\/www.backstein-objekte.de\/#website\",\"url\":\"https:\/\/www.backstein-objekte.de\/\",\"name\":\"Sven Backstein\",\"description\":\"Kunst aus Beton\",\"potentialAction\":[{\"@type\":\"SearchAction\",\"target\":\"https:\/\/www.backstein-objekte.de\/?s={search_term_string}\",\"query-input\":\"required name=search_term_string\"}],\"inLanguage\":\"de\"},{\"@type\":\"ImageObject\",\"@id\":\"https:\/\/www.backstein-objekte.de\/index.php\/galerie\/bauchladenmann\/#primaryimage\",\"inLanguage\":\"de\",\"url\":\"https:\/\/www.backstein-objekte.de\/wp-content\/uploads\/2020\/04\/Bauchladenmann.jpg\",\"width\":413,\"height\":467},{\"@type\":\"WebPage\",\"@id\":\"https:\/\/www.backstein-objekte.de\/index.php\/galerie\/bauchladenmann\/#webpage\",\"url\":\"https:\/\/www.backstein-objekte.de\/index.php\/galerie\/bauchladenmann\/\",\"name\":\"Bauchladenmann - Sven Backstein\",\"isPartOf\":{\"@id\":\"https:\/\/www.backstein-objekte.de\/#website\"},\"primaryImageOfPage\":{\"@id\":\"https:\/\/www.backstein-objekte.de\/index.php\/galerie\/bauchladenmann\/#primaryimage\"},\"datePublished\":\"1990-11-13T10:55:00+00:00\",\"dateModified\":\"2020-04-13T10:56:23+00:00\",\"author\":{\"@id\":\"https:\/\/www.backstein-objekte.de\/#\/schema\/person\/0b84c58210052873bd903c8fd69a18e6\"},\"breadcrumb\":{\"@id\":\"https:\/\/www.backstein-objekte.de\/index.php\/galerie\/bauchladenmann\/#breadcrumb\"},\"inLanguage\":\"de\",\"potentialAction\":[{\"@type\":\"ReadAction\",\"target\":[\"https:\/\/www.backstein-objekte.de\/index.php\/galerie\/bauchladenmann\/\"]}]},{\"@type\":\"BreadcrumbList\",\"@id\":\"https:\/\/www.backstein-objekte.de\/index.php\/galerie\/bauchladenmann\/#breadcrumb\",\"itemListElement\":[{\"@type\":\"ListItem\",\"position\":1,\"item\":{\"@type\":\"WebPage\",\"@id\":\"https:\/\/www.backstein-objekte.de\/\",\"url\":\"https:\/\/www.backstein-objekte.de\/\",\"name\":\"Home\"}},{\"@type\":\"ListItem\",\"position\":2,\"item\":{\"@type\":\"WebPage\",\"@id\":\"https:\/\/www.backstein-objekte.de\/index.php\/galerie\/bauchladenmann\/\",\"url\":\"https:\/\/www.backstein-objekte.de\/index.php\/galerie\/bauchladenmann\/\",\"name\":\"Bauchladenmann\"}}]},{\"@type\":\"Person\",\"@id\":\"https:\/\/www.backstein-objekte.de\/#\/schema\/person\/0b84c58210052873bd903c8fd69a18e6\",\"name\":\"Sven Backstein\",\"image\":{\"@type\":\"ImageObject\",\"@id\":\"https:\/\/www.backstein-objekte.de\/#personlogo\",\"inLanguage\":\"de\",\"url\":\"https:\/\/secure.gravatar.com\/avatar\/b6199e90e65acbacbae21b3264397a96?s=96&d=mm&r=g\",\"caption\":\"Sven Backstein\"}}]}<\/script>\n<!-- \/ Yoast SEO plugin. -->","_links":{"self":[{"href":"https:\/\/www.backstein-objekte.de\/index.php\/wp-json\/wp\/v2\/posts\/695"}],"collection":[{"href":"https:\/\/www.backstein-objekte.de\/index.php\/wp-json\/wp\/v2\/posts"}],"about":[{"href":"https:\/\/www.backstein-objekte.de\/index.php\/wp-json\/wp\/v2\/types\/post"}],"author":[{"embeddable":true,"href":"https:\/\/www.backstein-objekte.de\/index.php\/wp-json\/wp\/v2\/users\/1"}],"replies":[{"embeddable":true,"href":"https:\/\/www.backstein-objekte.de\/index.php\/wp-json\/wp\/v2\/comments?post=695"}],"version-history":[{"count":1,"href":"https:\/\/www.backstein-objekte.de\/index.php\/wp-json\/wp\/v2\/posts\/695\/revisions"}],"predecessor-version":[{"id":697,"href":"https:\/\/www.backstein-objekte.de\/index.php\/wp-json\/wp\/v2\/posts\/695\/revisions\/697"}],"wp:featuredmedia":[{"embeddable":true,"href":"https:\/\/www.backstein-objekte.de\/index.php\/wp-json\/wp\/v2\/media\/696"}],"wp:attachment":[{"href":"https:\/\/www.backstein-objekte.de\/index.php\/wp-json\/wp\/v2\/media?parent=695"}],"wp:term":[{"taxonomy":"category","embeddable":true,"href":"https:\/\/www.backstein-objekte.de\/index.php\/wp-json\/wp\/v2\/categories?post=695"},{"taxonomy":"post_tag","embeddable":true,"href":"https:\/\/www.backstein-objekte.de\/index.php\/wp-json\/wp\/v2\/tags?post=695"}],"curies":[{"name":"wp","href":"https:\/\/api.w.org\/{rel}","templated":true}]}}