{"id":310,"date":"2020-04-11T16:40:52","date_gmt":"2020-04-11T15:40:52","guid":{"rendered":"https:\/\/dev.backstein-objekte.de\/?p=310"},"modified":"2020-04-13T11:09:24","modified_gmt":"2020-04-13T10:09:24","slug":"walhaus","status":"publish","type":"post","link":"https:\/\/www.backstein-objekte.de\/index.php\/fotoalbum\/walhaus\/","title":{"rendered":"Walhaus"},"content":{"rendered":"\n<div class=\"wp-block-image\"><figure class=\"alignright size-large\"><img loading=\"lazy\" width=\"413\" height=\"291\" src=\"https:\/\/dev.backstein-objekte.de\/wp-content\/uploads\/2020\/04\/Walhaus01.jpg\" alt=\"\" class=\"wp-image-560\" srcset=\"https:\/\/www.backstein-objekte.de\/wp-content\/uploads\/2020\/04\/Walhaus01.jpg 413w, https:\/\/www.backstein-objekte.de\/wp-content\/uploads\/2020\/04\/Walhaus01-300x211.jpg 300w, https:\/\/www.backstein-objekte.de\/wp-content\/uploads\/2020\/04\/Walhaus01-400x282.jpg 400w\" sizes=\"(max-width: 413px) 100vw, 413px\" \/><\/figure><\/div>\n\n\n\n<p>Diese Geschichte begann mit einer Kinderzeichnung. Die Kinder des  Kindergartens in Rheinfelden Minseln sollten sich n\u00e4mlich Gedanken  machen, welche Behausung das Passende f\u00fcr ihr Au\u00dfengel\u00e4nde war. Am besten gefiel allen der Vorschlag, einen begehbareren Wal zu bauen. <\/p>\n\n\n\n<div style=\"height:100px\" aria-hidden=\"true\" class=\"wp-block-spacer\"><\/div>\n\n\n\n<div class=\"wp-block-image\"><figure class=\"alignleft size-large\"><img loading=\"lazy\" width=\"413\" height=\"310\" src=\"https:\/\/dev.backstein-objekte.de\/wp-content\/uploads\/2020\/04\/Walhaus02.jpg\" alt=\"\" class=\"wp-image-561\" srcset=\"https:\/\/www.backstein-objekte.de\/wp-content\/uploads\/2020\/04\/Walhaus02.jpg 413w, https:\/\/www.backstein-objekte.de\/wp-content\/uploads\/2020\/04\/Walhaus02-300x225.jpg 300w, https:\/\/www.backstein-objekte.de\/wp-content\/uploads\/2020\/04\/Walhaus02-400x300.jpg 400w\" sizes=\"(max-width: 413px) 100vw, 413px\" \/><\/figure><\/div>\n\n\n\n<p>Ich erhielt den Auftrag f\u00fcr den Wal und bekam dazu auch schon eine fertige Skizze des Architekten mit Grundrissplan und den ungef\u00e4hren Abmessungen. Perfekte Vorarbeit f\u00fcr dieses kleine Handmodell, das ich aus Plastilin im Ma\u00dfstab 1:30 formte. <\/p>\n\n\n\n<div style=\"height:100px\" aria-hidden=\"true\" class=\"wp-block-spacer\"><\/div>\n\n\n\n<div class=\"wp-block-image\"><figure class=\"alignright size-large\"><img loading=\"lazy\" width=\"413\" height=\"310\" src=\"https:\/\/dev.backstein-objekte.de\/wp-content\/uploads\/2020\/04\/Walhaus03.jpg\" alt=\"\" class=\"wp-image-562\" srcset=\"https:\/\/www.backstein-objekte.de\/wp-content\/uploads\/2020\/04\/Walhaus03.jpg 413w, https:\/\/www.backstein-objekte.de\/wp-content\/uploads\/2020\/04\/Walhaus03-300x225.jpg 300w, https:\/\/www.backstein-objekte.de\/wp-content\/uploads\/2020\/04\/Walhaus03-400x300.jpg 400w\" sizes=\"(max-width: 413px) 100vw, 413px\" \/><\/figure><\/div>\n\n\n\n<p>Mitten im eisigen Winter 2009\/2010 ging ich dann an den Bau des St\u00fctzk\u00f6rpers  aus Styropor. Ich war froh, als mir eine Freundin ihre Werkstatt anbot, die zwar f\u00fcr den Wal viel zu klein aber beheizt war. Der Wal passte mit Schwanzflosse gerade so hinein. Am Ende mussten wir ihn allerdings in vier St\u00fccke zerlegen, damit er durch die T\u00fcr hinaus ging. <\/p>\n\n\n\n<div style=\"height:100px\" aria-hidden=\"true\" class=\"wp-block-spacer\"><\/div>\n\n\n\n<div class=\"wp-block-image\"><figure class=\"alignleft size-large\"><img loading=\"lazy\" width=\"413\" height=\"294\" src=\"https:\/\/dev.backstein-objekte.de\/wp-content\/uploads\/2020\/04\/Walhaus04.jpg\" alt=\"\" class=\"wp-image-563\" srcset=\"https:\/\/www.backstein-objekte.de\/wp-content\/uploads\/2020\/04\/Walhaus04.jpg 413w, https:\/\/www.backstein-objekte.de\/wp-content\/uploads\/2020\/04\/Walhaus04-300x214.jpg 300w, https:\/\/www.backstein-objekte.de\/wp-content\/uploads\/2020\/04\/Walhaus04-400x285.jpg 400w\" sizes=\"(max-width: 413px) 100vw, 413px\" \/><\/figure><\/div>\n\n\n\n<p>Drau\u00dfen wurde er wieder zusammengesetzt, und am Ostermontag, einem der ersten sonnigen Fr\u00fchlingstage, brachte ich ihn per LKW zu seinem Bestimmungsort in den Schwarzwald, <\/p>\n\n\n\n<div style=\"height:100px\" aria-hidden=\"true\" class=\"wp-block-spacer\"><\/div>\n\n\n\n<div class=\"wp-block-image\"><figure class=\"alignright size-large\"><img loading=\"lazy\" width=\"413\" height=\"310\" src=\"https:\/\/dev.backstein-objekte.de\/wp-content\/uploads\/2020\/04\/Walhaus05.jpg\" alt=\"\" class=\"wp-image-564\" srcset=\"https:\/\/www.backstein-objekte.de\/wp-content\/uploads\/2020\/04\/Walhaus05.jpg 413w, https:\/\/www.backstein-objekte.de\/wp-content\/uploads\/2020\/04\/Walhaus05-300x225.jpg 300w, https:\/\/www.backstein-objekte.de\/wp-content\/uploads\/2020\/04\/Walhaus05-400x300.jpg 400w\" sizes=\"(max-width: 413px) 100vw, 413px\" \/><\/figure><\/div>\n\n\n\n<p>wo  ein erstklassig vorbereitetes Fundament auf ihn wartete. Die  Kindergarteneltern hatten den riesigen Sandkasten in eine Baugrube  verwandelt und genau nach meinen Schablonen den Grundriss des Wals hineingezaubert. Sogar ein gro\u00dfes Loch f\u00fcr den Bodenablauf und eine Drainage unter dem Fundament waren vorhanden. <\/p>\n\n\n\n<div style=\"height:100px\" aria-hidden=\"true\" class=\"wp-block-spacer\"><\/div>\n\n\n\n<div class=\"wp-block-image\"><figure class=\"alignleft size-large\"><img loading=\"lazy\" width=\"413\" height=\"310\" src=\"https:\/\/dev.backstein-objekte.de\/wp-content\/uploads\/2020\/04\/Walhaus06.jpg\" alt=\"\" class=\"wp-image-565\" srcset=\"https:\/\/www.backstein-objekte.de\/wp-content\/uploads\/2020\/04\/Walhaus06.jpg 413w, https:\/\/www.backstein-objekte.de\/wp-content\/uploads\/2020\/04\/Walhaus06-300x225.jpg 300w, https:\/\/www.backstein-objekte.de\/wp-content\/uploads\/2020\/04\/Walhaus06-400x300.jpg 400w\" sizes=\"(max-width: 413px) 100vw, 413px\" \/><\/figure><\/div>\n\n\n\n<p>Wir  setzten also unseren Styroporwal darauf und klebten ihm die noch  fehlende Schwanzflosse an. Dass der Wal hier so verpflastert aussieht, kommt, weil ich ihn in Folie einpacken musste, um den Styroporkern sp\u00e4ter leicht vom Beton trennen zu k\u00f6nnen. Schlie\u00dflich sollte der Wal ja hohl werden, also w\u00fcrde ich das Styropor irgendwann wieder herausholen m\u00fcssen. Die Schwanzflosse nat\u00fcrlich nicht. <\/p>\n\n\n\n<div style=\"height:100px\" aria-hidden=\"true\" class=\"wp-block-spacer\"><\/div>\n\n\n\n<div class=\"wp-block-image\"><figure class=\"alignright size-large\"><img loading=\"lazy\" width=\"413\" height=\"317\" src=\"https:\/\/dev.backstein-objekte.de\/wp-content\/uploads\/2020\/04\/Walhaus07.jpg\" alt=\"\" class=\"wp-image-566\" srcset=\"https:\/\/www.backstein-objekte.de\/wp-content\/uploads\/2020\/04\/Walhaus07.jpg 413w, https:\/\/www.backstein-objekte.de\/wp-content\/uploads\/2020\/04\/Walhaus07-300x230.jpg 300w, https:\/\/www.backstein-objekte.de\/wp-content\/uploads\/2020\/04\/Walhaus07-400x307.jpg 400w\" sizes=\"(max-width: 413px) 100vw, 413px\" \/><\/figure><\/div>\n\n\n\n<p>Und schon konnten wir losbetonieren. Die erste Schicht trugen wir noch von Hand auf und mischten etwas Klebem\u00f6rtel unter, damit der Beton von den  glatten Wandungen nicht abrutschte. Zum Anmachen nahmen wir aber auch hier schon die Putzmaschine. Die Rezeptur einer grobk\u00f6rnigen Variante  meines <a href=\"https:\/\/www.moertelshop.com\/Grundmoertel-guenstig-kaufen\">GRUMO<\/a> Grundm\u00f6rtels hatte ich vorher extra f\u00fcr gute Maschineng\u00e4ngigkeit optimiert, was uns unendlich viel Mischarbeit ersparte. <\/p>\n\n\n\n<div style=\"height:100px\" aria-hidden=\"true\" class=\"wp-block-spacer\"><\/div>\n\n\n\n<div class=\"wp-block-image\"><figure class=\"alignleft size-large\"><img loading=\"lazy\" width=\"413\" height=\"320\" src=\"https:\/\/dev.backstein-objekte.de\/wp-content\/uploads\/2020\/04\/Walhaus08.jpg\" alt=\"\" class=\"wp-image-567\" srcset=\"https:\/\/www.backstein-objekte.de\/wp-content\/uploads\/2020\/04\/Walhaus08.jpg 413w, https:\/\/www.backstein-objekte.de\/wp-content\/uploads\/2020\/04\/Walhaus08-300x232.jpg 300w, https:\/\/www.backstein-objekte.de\/wp-content\/uploads\/2020\/04\/Walhaus08-400x310.jpg 400w\" sizes=\"(max-width: 413px) 100vw, 413px\" \/><\/figure><\/div>\n\n\n\n<p>Als die erste Schicht aufgetragen war, h\u00fcllten wir unser Werkst\u00fcck f\u00fcr die  Nacht in Folie ein, um den frischen Beton vor der Witterung zu sch\u00fctzen. Dabei machten wir etwas ganz Verr\u00fccktes, was sich aber als goldrichtig  erwies. Unter der Folie packten wir den Wal mit 20 elektrischen Heizdecken so gr\u00fcndlich ein, dass er es nachts richtig sch\u00f6n warm hatte. Schlie\u00dflich war erst Anfang April, und wir mussten mit Nachtfrost  rechnen. Au\u00dferdem wollten wir, dass der Beton so schnell wie m\u00f6glich an Festigkeit zunahm, damit wir Mitte der Woche schon darauf herumklettern konnten. Die Rechnung ging auf. Als der Wal am n\u00e4chsten Morgen wieder enth\u00fcllt wurde, dampfte der Beton, war ca. 25 bis 30 \u00b0C warm und  knochenhart geworden. <\/p>\n\n\n\n<div style=\"height:100px\" aria-hidden=\"true\" class=\"wp-block-spacer\"><\/div>\n\n\n\n<div class=\"wp-block-image\"><figure class=\"alignright size-large\"><img loading=\"lazy\" width=\"413\" height=\"332\" src=\"https:\/\/dev.backstein-objekte.de\/wp-content\/uploads\/2020\/04\/Walhaus09.jpg\" alt=\"\" class=\"wp-image-568\" srcset=\"https:\/\/www.backstein-objekte.de\/wp-content\/uploads\/2020\/04\/Walhaus09.jpg 413w, https:\/\/www.backstein-objekte.de\/wp-content\/uploads\/2020\/04\/Walhaus09-300x241.jpg 300w, https:\/\/www.backstein-objekte.de\/wp-content\/uploads\/2020\/04\/Walhaus09-400x322.jpg 400w\" sizes=\"(max-width: 413px) 100vw, 413px\" \/><\/figure><\/div>\n\n\n\n<p>Am zweiten Tag ging es in Spritztechnik weiter. In den frisch  aufgespritzten M\u00f6rtel legten wir Glasfasergelege ein, und spritzten noch einmal M\u00f6rtel dar\u00fcber. <\/p>\n\n\n\n<div style=\"height:100px\" aria-hidden=\"true\" class=\"wp-block-spacer\"><\/div>\n\n\n\n<div class=\"wp-block-image\"><figure class=\"alignleft size-large\"><img loading=\"lazy\" width=\"413\" height=\"328\" src=\"https:\/\/dev.backstein-objekte.de\/wp-content\/uploads\/2020\/04\/Walhaus10.jpg\" alt=\"\" class=\"wp-image-569\" srcset=\"https:\/\/www.backstein-objekte.de\/wp-content\/uploads\/2020\/04\/Walhaus10.jpg 413w, https:\/\/www.backstein-objekte.de\/wp-content\/uploads\/2020\/04\/Walhaus10-300x238.jpg 300w, https:\/\/www.backstein-objekte.de\/wp-content\/uploads\/2020\/04\/Walhaus10-400x318.jpg 400w\" sizes=\"(max-width: 413px) 100vw, 413px\" \/><\/figure><\/div>\n\n\n\n<p>Am dritten Tag galt unsere besondere Aufmerksamkeit zun\u00e4chst dem Schwanz. Damit er nicht abbricht, erhielt er zus\u00e4tzlich zur Glasfaser noch eine Verst\u00e4rkung aus eingelegten Stahlseilen. Die Stahlseile schmiegen sich nicht nur sehr gut der Kontur an, sondern haben, weil sie verzinkt sind, auch noch den Vorteil, dass sie nicht rosten, selbst wenn die Beton\u00fcberdeckung einmal zu gering sein sollte. <\/p>\n\n\n\n<div style=\"height:100px\" aria-hidden=\"true\" class=\"wp-block-spacer\"><\/div>\n\n\n\n<div class=\"wp-block-image\"><figure class=\"alignright size-large\"><img loading=\"lazy\" width=\"413\" height=\"333\" src=\"https:\/\/dev.backstein-objekte.de\/wp-content\/uploads\/2020\/04\/Walhaus11.jpg\" alt=\"\" class=\"wp-image-570\" srcset=\"https:\/\/www.backstein-objekte.de\/wp-content\/uploads\/2020\/04\/Walhaus11.jpg 413w, https:\/\/www.backstein-objekte.de\/wp-content\/uploads\/2020\/04\/Walhaus11-300x242.jpg 300w, https:\/\/www.backstein-objekte.de\/wp-content\/uploads\/2020\/04\/Walhaus11-400x323.jpg 400w\" sizes=\"(max-width: 413px) 100vw, 413px\" \/><\/figure><\/div>\n\n\n\n<p>Nach  zwei weiteren Schichten Glasfaserbeton ging es an den Innenausbau. Hier breche ich gerade eine der Styroporscheiben heraus die den Innenraum  ausf\u00fcllen. <\/p>\n\n\n\n<div style=\"height:100px\" aria-hidden=\"true\" class=\"wp-block-spacer\"><\/div>\n\n\n\n<div class=\"wp-block-image\"><figure class=\"alignleft size-large\"><img loading=\"lazy\" width=\"413\" height=\"310\" src=\"https:\/\/dev.backstein-objekte.de\/wp-content\/uploads\/2020\/04\/Walhaus12.jpg\" alt=\"\" class=\"wp-image-571\" srcset=\"https:\/\/www.backstein-objekte.de\/wp-content\/uploads\/2020\/04\/Walhaus12.jpg 413w, https:\/\/www.backstein-objekte.de\/wp-content\/uploads\/2020\/04\/Walhaus12-300x225.jpg 300w, https:\/\/www.backstein-objekte.de\/wp-content\/uploads\/2020\/04\/Walhaus12-400x300.jpg 400w\" sizes=\"(max-width: 413px) 100vw, 413px\" \/><\/figure><\/div>\n\n\n\n<p>Und hier wird der freigelegte Innenraum mit einer Sitzbank f\u00fcr die Kinder ausgestattet. Auch die besteht nat\u00fcrlich in ihrem Inneren aus Styropor und dar\u00fcber aus Glasfaserbeton. Einfacher geht es schlie\u00dflich nicht. <\/p>\n\n\n\n<div style=\"height:100px\" aria-hidden=\"true\" class=\"wp-block-spacer\"><\/div>\n\n\n\n<div class=\"wp-block-image\"><figure class=\"alignright size-large\"><img loading=\"lazy\" width=\"413\" height=\"307\" src=\"https:\/\/dev.backstein-objekte.de\/wp-content\/uploads\/2020\/04\/Walhaus13.jpg\" alt=\"\" class=\"wp-image-572\" srcset=\"https:\/\/www.backstein-objekte.de\/wp-content\/uploads\/2020\/04\/Walhaus13.jpg 413w, https:\/\/www.backstein-objekte.de\/wp-content\/uploads\/2020\/04\/Walhaus13-300x223.jpg 300w, https:\/\/www.backstein-objekte.de\/wp-content\/uploads\/2020\/04\/Walhaus13-400x297.jpg 400w\" sizes=\"(max-width: 413px) 100vw, 413px\" \/><\/figure><\/div>\n\n\n\n<p>Von  au\u00dfen bekam unser Wal jetzt noch eine samtige Oberfl\u00e4che aus  Feinschichtm\u00f6rtel als Abschluss. Jetzt sollte er erst einmal richtig  durchh\u00e4rten. Und w\u00e4hrend er unter seiner Plastikfolie in den Sommer  hineinschlummerte wurden Farbentw\u00fcrfe gemacht. Das Innere wollten die  Kindergarteneltern mit Mosaik gestalten, und f\u00fcr au\u00dfen hatte ich mir die Farbgebung eines Orca gew\u00fcnscht. <\/p>\n\n\n\n<div style=\"height:100px\" aria-hidden=\"true\" class=\"wp-block-spacer\"><\/div>\n\n\n\n<div class=\"wp-block-image\"><figure class=\"alignleft size-large\"><img loading=\"lazy\" width=\"413\" height=\"311\" src=\"https:\/\/dev.backstein-objekte.de\/wp-content\/uploads\/2020\/04\/Walhaus14.jpg\" alt=\"\" class=\"wp-image-573\" srcset=\"https:\/\/www.backstein-objekte.de\/wp-content\/uploads\/2020\/04\/Walhaus14.jpg 413w, https:\/\/www.backstein-objekte.de\/wp-content\/uploads\/2020\/04\/Walhaus14-300x226.jpg 300w, https:\/\/www.backstein-objekte.de\/wp-content\/uploads\/2020\/04\/Walhaus14-400x301.jpg 400w\" sizes=\"(max-width: 413px) 100vw, 413px\" \/><\/figure><\/div>\n\n\n\n<p>Und hier das gelungene Ergebnis bei der feierlichen Einweihung am 17. Juli 2010. Ein gro\u00dfes Kompliment an das Team des Kindergartens.<\/p>\n\n\n\n<div style=\"height:100px\" aria-hidden=\"true\" class=\"wp-block-spacer\"><\/div>\n","protected":false},"excerpt":{"rendered":"<p>Diese Geschichte begann mit einer Kinderzeichnung. Die Kinder des Kindergartens in Rheinfelden Minseln sollten sich n\u00e4mlich Gedanken machen, welche Behausung das Passende f\u00fcr ihr Au\u00dfengel\u00e4nde war. Am besten gefiel allen der Vorschlag, einen begehbareren Wal zu bauen. Ich erhielt den Auftrag f\u00fcr den Wal und bekam dazu auch schon eine fertige Skizze des Architekten mit [&hellip;]<\/p>\n","protected":false},"author":1,"featured_media":573,"comment_status":"open","ping_status":"closed","sticky":false,"template":"","format":"standard","meta":[],"categories":[4],"tags":[],"yoast_head":"<!-- This site is optimized with the Yoast SEO plugin v15.9.2 - https:\/\/yoast.com\/wordpress\/plugins\/seo\/ -->\n<title>Walhaus - Sven Backstein<\/title>\n<meta name=\"robots\" content=\"index, follow, max-snippet:-1, max-image-preview:large, max-video-preview:-1\" \/>\n<link rel=\"canonical\" href=\"https:\/\/www.backstein-objekte.de\/index.php\/fotoalbum\/walhaus\/\" \/>\n<meta property=\"og:locale\" content=\"de_DE\" \/>\n<meta property=\"og:type\" content=\"article\" \/>\n<meta property=\"og:title\" content=\"Walhaus - Sven Backstein\" \/>\n<meta property=\"og:description\" content=\"Diese Geschichte begann mit einer Kinderzeichnung. Die Kinder des Kindergartens in Rheinfelden Minseln sollten sich n\u00e4mlich Gedanken machen, welche Behausung das Passende f\u00fcr ihr Au\u00dfengel\u00e4nde war. Am besten gefiel allen der Vorschlag, einen begehbareren Wal zu bauen. Ich erhielt den Auftrag f\u00fcr den Wal und bekam dazu auch schon eine fertige Skizze des Architekten mit [&hellip;]\" \/>\n<meta property=\"og:url\" content=\"https:\/\/www.backstein-objekte.de\/index.php\/fotoalbum\/walhaus\/\" \/>\n<meta property=\"og:site_name\" content=\"Sven Backstein\" \/>\n<meta property=\"article:published_time\" content=\"2020-04-11T15:40:52+00:00\" \/>\n<meta property=\"article:modified_time\" content=\"2020-04-13T10:09:24+00:00\" \/>\n<meta property=\"og:image\" content=\"https:\/\/www.backstein-objekte.de\/wp-content\/uploads\/2020\/04\/Walhaus14.jpg\" \/>\n\t<meta property=\"og:image:width\" content=\"413\" \/>\n\t<meta property=\"og:image:height\" content=\"311\" \/>\n<meta name=\"twitter:card\" content=\"summary_large_image\" \/>\n<meta name=\"twitter:label1\" content=\"Gesch\u00e4tzte Lesezeit\">\n\t<meta name=\"twitter:data1\" content=\"4\u00a0Minuten\">\n<script type=\"application\/ld+json\" class=\"yoast-schema-graph\">{\"@context\":\"https:\/\/schema.org\",\"@graph\":[{\"@type\":\"WebSite\",\"@id\":\"https:\/\/www.backstein-objekte.de\/#website\",\"url\":\"https:\/\/www.backstein-objekte.de\/\",\"name\":\"Sven Backstein\",\"description\":\"Kunst aus Beton\",\"potentialAction\":[{\"@type\":\"SearchAction\",\"target\":\"https:\/\/www.backstein-objekte.de\/?s={search_term_string}\",\"query-input\":\"required name=search_term_string\"}],\"inLanguage\":\"de\"},{\"@type\":\"ImageObject\",\"@id\":\"https:\/\/www.backstein-objekte.de\/index.php\/fotoalbum\/walhaus\/#primaryimage\",\"inLanguage\":\"de\",\"url\":\"https:\/\/www.backstein-objekte.de\/wp-content\/uploads\/2020\/04\/Walhaus14.jpg\",\"width\":413,\"height\":311},{\"@type\":\"WebPage\",\"@id\":\"https:\/\/www.backstein-objekte.de\/index.php\/fotoalbum\/walhaus\/#webpage\",\"url\":\"https:\/\/www.backstein-objekte.de\/index.php\/fotoalbum\/walhaus\/\",\"name\":\"Walhaus - Sven Backstein\",\"isPartOf\":{\"@id\":\"https:\/\/www.backstein-objekte.de\/#website\"},\"primaryImageOfPage\":{\"@id\":\"https:\/\/www.backstein-objekte.de\/index.php\/fotoalbum\/walhaus\/#primaryimage\"},\"datePublished\":\"2020-04-11T15:40:52+00:00\",\"dateModified\":\"2020-04-13T10:09:24+00:00\",\"author\":{\"@id\":\"https:\/\/www.backstein-objekte.de\/#\/schema\/person\/0b84c58210052873bd903c8fd69a18e6\"},\"breadcrumb\":{\"@id\":\"https:\/\/www.backstein-objekte.de\/index.php\/fotoalbum\/walhaus\/#breadcrumb\"},\"inLanguage\":\"de\",\"potentialAction\":[{\"@type\":\"ReadAction\",\"target\":[\"https:\/\/www.backstein-objekte.de\/index.php\/fotoalbum\/walhaus\/\"]}]},{\"@type\":\"BreadcrumbList\",\"@id\":\"https:\/\/www.backstein-objekte.de\/index.php\/fotoalbum\/walhaus\/#breadcrumb\",\"itemListElement\":[{\"@type\":\"ListItem\",\"position\":1,\"item\":{\"@type\":\"WebPage\",\"@id\":\"https:\/\/www.backstein-objekte.de\/\",\"url\":\"https:\/\/www.backstein-objekte.de\/\",\"name\":\"Home\"}},{\"@type\":\"ListItem\",\"position\":2,\"item\":{\"@type\":\"WebPage\",\"@id\":\"https:\/\/www.backstein-objekte.de\/index.php\/fotoalbum\/walhaus\/\",\"url\":\"https:\/\/www.backstein-objekte.de\/index.php\/fotoalbum\/walhaus\/\",\"name\":\"Walhaus\"}}]},{\"@type\":\"Person\",\"@id\":\"https:\/\/www.backstein-objekte.de\/#\/schema\/person\/0b84c58210052873bd903c8fd69a18e6\",\"name\":\"Sven Backstein\",\"image\":{\"@type\":\"ImageObject\",\"@id\":\"https:\/\/www.backstein-objekte.de\/#personlogo\",\"inLanguage\":\"de\",\"url\":\"https:\/\/secure.gravatar.com\/avatar\/b6199e90e65acbacbae21b3264397a96?s=96&d=mm&r=g\",\"caption\":\"Sven Backstein\"}}]}<\/script>\n<!-- \/ Yoast SEO plugin. -->","_links":{"self":[{"href":"https:\/\/www.backstein-objekte.de\/index.php\/wp-json\/wp\/v2\/posts\/310"}],"collection":[{"href":"https:\/\/www.backstein-objekte.de\/index.php\/wp-json\/wp\/v2\/posts"}],"about":[{"href":"https:\/\/www.backstein-objekte.de\/index.php\/wp-json\/wp\/v2\/types\/post"}],"author":[{"embeddable":true,"href":"https:\/\/www.backstein-objekte.de\/index.php\/wp-json\/wp\/v2\/users\/1"}],"replies":[{"embeddable":true,"href":"https:\/\/www.backstein-objekte.de\/index.php\/wp-json\/wp\/v2\/comments?post=310"}],"version-history":[{"count":3,"href":"https:\/\/www.backstein-objekte.de\/index.php\/wp-json\/wp\/v2\/posts\/310\/revisions"}],"predecessor-version":[{"id":574,"href":"https:\/\/www.backstein-objekte.de\/index.php\/wp-json\/wp\/v2\/posts\/310\/revisions\/574"}],"wp:featuredmedia":[{"embeddable":true,"href":"https:\/\/www.backstein-objekte.de\/index.php\/wp-json\/wp\/v2\/media\/573"}],"wp:attachment":[{"href":"https:\/\/www.backstein-objekte.de\/index.php\/wp-json\/wp\/v2\/media?parent=310"}],"wp:term":[{"taxonomy":"category","embeddable":true,"href":"https:\/\/www.backstein-objekte.de\/index.php\/wp-json\/wp\/v2\/categories?post=310"},{"taxonomy":"post_tag","embeddable":true,"href":"https:\/\/www.backstein-objekte.de\/index.php\/wp-json\/wp\/v2\/tags?post=310"}],"curies":[{"name":"wp","href":"https:\/\/api.w.org\/{rel}","templated":true}]}}