{"id":274,"date":"2020-04-11T12:03:52","date_gmt":"2020-04-11T11:03:52","guid":{"rendered":"https:\/\/dev.backstein-objekte.de\/?p=274"},"modified":"2020-04-13T11:35:17","modified_gmt":"2020-04-13T10:35:17","slug":"chillsteine","status":"publish","type":"post","link":"https:\/\/www.backstein-objekte.de\/index.php\/fotoalbum\/chillsteine\/","title":{"rendered":"Chillsteine"},"content":{"rendered":"\n<div class=\"wp-block-image\"><figure class=\"alignright size-large\"><img loading=\"lazy\" width=\"413\" height=\"309\" src=\"https:\/\/dev.backstein-objekte.de\/wp-content\/uploads\/2020\/04\/Chillsteine_01.jpg\" alt=\"\" class=\"wp-image-646\" srcset=\"https:\/\/www.backstein-objekte.de\/wp-content\/uploads\/2020\/04\/Chillsteine_01.jpg 413w, https:\/\/www.backstein-objekte.de\/wp-content\/uploads\/2020\/04\/Chillsteine_01-300x224.jpg 300w, https:\/\/www.backstein-objekte.de\/wp-content\/uploads\/2020\/04\/Chillsteine_01-400x299.jpg 400w\" sizes=\"(max-width: 413px) 100vw, 413px\" \/><\/figure><\/div>\n\n\n\n<p>Das Projekt &#8222;Chillsteine&#8220; fand im Sommer 2009 in dem kleinen aber in  Sachen Kultur sehr aktiven Sauerlandort Neuenrade statt. Irmhild  Hartstein, der Leiterin der KIKU Kunstwerkstatt&nbsp;ging es darum,  Jugendlichen zu zeigen, wie sie selbst ihre Stadt mitgestalten und dabei  eigene Spuren im Stadtbild hinterlassen k\u00f6nnen, die \u00fcber Gewalt und  Graffiti hinaus gehen. So entstand die Idee, drei Chillsteine aus Beton  zu bauen. Chillen aus dem Englischen bedeutet unter Jugendlichen derzeit  so viel wie positives Herumh\u00e4ngen, nichts tun, vielleicht auch  meditieren, oder sich einfach nur ausruhen. Mit vier Hauptsch\u00fclern der  Klasse 10 und einem Sozialarbeiter bauten wir also zun\u00e4chst drei stabile  Plattformen f\u00fcr unser gewichtiges Vorhaben. <\/p>\n\n\n\n<div style=\"height:100px\" aria-hidden=\"true\" class=\"wp-block-spacer\"><\/div>\n\n\n\n<div class=\"wp-block-image\"><figure class=\"alignleft size-large\"><img loading=\"lazy\" width=\"413\" height=\"309\" src=\"https:\/\/dev.backstein-objekte.de\/wp-content\/uploads\/2020\/04\/Chillsteine_02.jpg\" alt=\"\" class=\"wp-image-647\" srcset=\"https:\/\/www.backstein-objekte.de\/wp-content\/uploads\/2020\/04\/Chillsteine_02.jpg 413w, https:\/\/www.backstein-objekte.de\/wp-content\/uploads\/2020\/04\/Chillsteine_02-300x224.jpg 300w, https:\/\/www.backstein-objekte.de\/wp-content\/uploads\/2020\/04\/Chillsteine_02-400x299.jpg 400w\" sizes=\"(max-width: 413px) 100vw, 413px\" \/><\/figure><\/div>\n\n\n\n<p>Da die Steine aus Glasfaserbeton, also in Laminiertechnik entstehen  sollten, brauchten wir als Unterkonstruktion nur sehr einfache  St\u00fctzk\u00f6rper, die in etwa die Form gro\u00dfer Steine hatten. Wir bauten sie  aus gro\u00dfen mit Styroporresten gef\u00fcllten S\u00e4cken, welche wir mit  Stretchfolie umwickelten, um sie zu stabilen Ballen zu formen. <\/p>\n\n\n\n<div style=\"height:100px\" aria-hidden=\"true\" class=\"wp-block-spacer\"><\/div>\n\n\n\n<div class=\"wp-block-image\"><figure class=\"alignright size-large\"><img loading=\"lazy\" width=\"413\" height=\"309\" src=\"https:\/\/dev.backstein-objekte.de\/wp-content\/uploads\/2020\/04\/Chillsteine_03.jpg\" alt=\"\" class=\"wp-image-648\" srcset=\"https:\/\/www.backstein-objekte.de\/wp-content\/uploads\/2020\/04\/Chillsteine_03.jpg 413w, https:\/\/www.backstein-objekte.de\/wp-content\/uploads\/2020\/04\/Chillsteine_03-300x224.jpg 300w, https:\/\/www.backstein-objekte.de\/wp-content\/uploads\/2020\/04\/Chillsteine_03-400x299.jpg 400w\" sizes=\"(max-width: 413px) 100vw, 413px\" \/><\/figure><\/div>\n\n\n\n<p>Besondere Aufmerksamkeit galt dann dem Boden der Chillsteine, f\u00fcr den  wir eine ringartige Verst\u00e4rkung aus Moniereisen zurechtbogen, um ihn  bruchsicher zu machen. Das passgenaue Biegen forderte den Jugendlichen einiges an Geschick und r\u00e4umlichem Vorstellungsverm\u00f6gen ab, weshalb ich  bei sp\u00e4teren Projekten dieser Art Stahlseil an Stelle des Moniereisens  vorzog. <\/p>\n\n\n\n<div style=\"height:100px\" aria-hidden=\"true\" class=\"wp-block-spacer\"><\/div>\n\n\n\n<div class=\"wp-block-image\"><figure class=\"alignleft size-large\"><img loading=\"lazy\" width=\"413\" height=\"309\" src=\"https:\/\/dev.backstein-objekte.de\/wp-content\/uploads\/2020\/04\/Chillsteine_04.jpg\" alt=\"\" class=\"wp-image-649\" srcset=\"https:\/\/www.backstein-objekte.de\/wp-content\/uploads\/2020\/04\/Chillsteine_04.jpg 413w, https:\/\/www.backstein-objekte.de\/wp-content\/uploads\/2020\/04\/Chillsteine_04-300x224.jpg 300w, https:\/\/www.backstein-objekte.de\/wp-content\/uploads\/2020\/04\/Chillsteine_04-400x299.jpg 400w\" sizes=\"(max-width: 413px) 100vw, 413px\" \/><\/figure><\/div>\n\n\n\n<p>Endlich konnte mit dem Betonieren begonnen werden. Von jetzt an  herrschte ungebremste Begeisterung, und die vier Hauptakteure konnten  gar nicht genug davon bekommen. <\/p>\n\n\n\n<div style=\"height:100px\" aria-hidden=\"true\" class=\"wp-block-spacer\"><\/div>\n\n\n\n<div class=\"wp-block-image\"><figure class=\"alignright size-large\"><img loading=\"lazy\" width=\"413\" height=\"309\" src=\"https:\/\/dev.backstein-objekte.de\/wp-content\/uploads\/2020\/04\/Chillsteine_05.jpg\" alt=\"\" class=\"wp-image-650\" srcset=\"https:\/\/www.backstein-objekte.de\/wp-content\/uploads\/2020\/04\/Chillsteine_05.jpg 413w, https:\/\/www.backstein-objekte.de\/wp-content\/uploads\/2020\/04\/Chillsteine_05-300x224.jpg 300w, https:\/\/www.backstein-objekte.de\/wp-content\/uploads\/2020\/04\/Chillsteine_05-400x299.jpg 400w\" sizes=\"(max-width: 413px) 100vw, 413px\" \/><\/figure><\/div>\n\n\n\n<p>Nacheinander wurden nun alle drei Rohlinge mit Glasfaserbeton umkleidet,  wobei wir uns immer von oben nach unten vorarbeiteten. Die Fasern und  ein Schuss Klebem\u00f6rtel sorgten daf\u00fcr, dass die Masse an den glatten  W\u00e4nden des Rohlings nicht abrutschte. <\/p>\n\n\n\n<div style=\"height:100px\" aria-hidden=\"true\" class=\"wp-block-spacer\"><\/div>\n\n\n\n<div class=\"wp-block-image\"><figure class=\"alignleft size-large\"><img loading=\"lazy\" width=\"413\" height=\"309\" src=\"https:\/\/dev.backstein-objekte.de\/wp-content\/uploads\/2020\/04\/Chillsteine_06.jpg\" alt=\"\" class=\"wp-image-651\" srcset=\"https:\/\/www.backstein-objekte.de\/wp-content\/uploads\/2020\/04\/Chillsteine_06.jpg 413w, https:\/\/www.backstein-objekte.de\/wp-content\/uploads\/2020\/04\/Chillsteine_06-300x224.jpg 300w, https:\/\/www.backstein-objekte.de\/wp-content\/uploads\/2020\/04\/Chillsteine_06-400x299.jpg 400w\" sizes=\"(max-width: 413px) 100vw, 413px\" \/><\/figure><\/div>\n\n\n\n<p>Am zweiten Tag war die Teilnehmerzahl schon um zwei Mitstreiter  angewachsen, denn es&nbsp;hatte sich in der Schule herumgesprochen, wie viel  Spa\u00df Beton machen kann. Gemeinsam wurde auf die grobe Grundschicht vom Vortag eine zweite Schicht aus feinerem M\u00f6rtel aufgetragen, und das  Gl\u00e4tten der Oberfl\u00e4che begann. <\/p>\n\n\n\n<div style=\"height:100px\" aria-hidden=\"true\" class=\"wp-block-spacer\"><\/div>\n\n\n\n<div class=\"wp-block-image\"><figure class=\"alignright size-large\"><img loading=\"lazy\" width=\"413\" height=\"309\" src=\"https:\/\/dev.backstein-objekte.de\/wp-content\/uploads\/2020\/04\/Chillsteine_07.jpg\" alt=\"\" class=\"wp-image-652\" srcset=\"https:\/\/www.backstein-objekte.de\/wp-content\/uploads\/2020\/04\/Chillsteine_07.jpg 413w, https:\/\/www.backstein-objekte.de\/wp-content\/uploads\/2020\/04\/Chillsteine_07-300x224.jpg 300w, https:\/\/www.backstein-objekte.de\/wp-content\/uploads\/2020\/04\/Chillsteine_07-400x299.jpg 400w\" sizes=\"(max-width: 413px) 100vw, 413px\" \/><\/figure><\/div>\n\n\n\n<p>Vom Ehrgeiz gepackt kratzen, rieben, schrubbten und fegten alle, bis die Oberfl\u00e4che unserer drei Steine perfekt war. <\/p>\n\n\n\n<div style=\"height:100px\" aria-hidden=\"true\" class=\"wp-block-spacer\"><\/div>\n\n\n\n<div class=\"wp-block-image\"><figure class=\"alignleft size-large\"><img loading=\"lazy\" width=\"413\" height=\"309\" src=\"https:\/\/dev.backstein-objekte.de\/wp-content\/uploads\/2020\/04\/Chillsteine_08.jpg\" alt=\"\" class=\"wp-image-653\" srcset=\"https:\/\/www.backstein-objekte.de\/wp-content\/uploads\/2020\/04\/Chillsteine_08.jpg 413w, https:\/\/www.backstein-objekte.de\/wp-content\/uploads\/2020\/04\/Chillsteine_08-300x224.jpg 300w, https:\/\/www.backstein-objekte.de\/wp-content\/uploads\/2020\/04\/Chillsteine_08-400x299.jpg 400w\" sizes=\"(max-width: 413px) 100vw, 413px\" \/><\/figure><\/div>\n\n\n\n<p>Noch ein paar letzte Schliffe, und die Chillsteine waren fertig, um sie der Presse und nat\u00fcrlich dem Schulleiter zu pr\u00e4sentieren, den ebenfalls die Neugier angelockt hatte. <\/p>\n\n\n\n<div style=\"height:100px\" aria-hidden=\"true\" class=\"wp-block-spacer\"><\/div>\n\n\n\n<div class=\"wp-block-image\"><figure class=\"alignright size-large\"><img loading=\"lazy\" width=\"413\" height=\"309\" src=\"https:\/\/dev.backstein-objekte.de\/wp-content\/uploads\/2020\/04\/Chillsteine_09.jpg\" alt=\"\" class=\"wp-image-654\" srcset=\"https:\/\/www.backstein-objekte.de\/wp-content\/uploads\/2020\/04\/Chillsteine_09.jpg 413w, https:\/\/www.backstein-objekte.de\/wp-content\/uploads\/2020\/04\/Chillsteine_09-300x224.jpg 300w, https:\/\/www.backstein-objekte.de\/wp-content\/uploads\/2020\/04\/Chillsteine_09-400x299.jpg 400w\" sizes=\"(max-width: 413px) 100vw, 413px\" \/><\/figure><\/div>\n\n\n\n<p>Der Bau der Chillsteine war damit geschafft, und alle Beteiligten hatten Grund, stolz auf Ihr Werk zu sein. Was nun noch fehlte, war die  farbliche Gestaltung, die Gegenstand einer zweiten Projektetappe, wieder  unter Leitung der unerm\u00fcdlichen KIKU Chefin Irmhild Hartstein (hier rechts vorn im Bild) wurde. <\/p>\n\n\n\n<div style=\"height:100px\" aria-hidden=\"true\" class=\"wp-block-spacer\"><\/div>\n\n\n\n<div class=\"wp-block-image\"><figure class=\"alignleft size-large\"><img loading=\"lazy\" width=\"413\" height=\"267\" src=\"https:\/\/dev.backstein-objekte.de\/wp-content\/uploads\/2020\/04\/Chillsteine_10.jpg\" alt=\"\" class=\"wp-image-655\" srcset=\"https:\/\/www.backstein-objekte.de\/wp-content\/uploads\/2020\/04\/Chillsteine_10.jpg 413w, https:\/\/www.backstein-objekte.de\/wp-content\/uploads\/2020\/04\/Chillsteine_10-300x194.jpg 300w, https:\/\/www.backstein-objekte.de\/wp-content\/uploads\/2020\/04\/Chillsteine_10-400x259.jpg 400w\" sizes=\"(max-width: 413px) 100vw, 413px\" \/><\/figure><\/div>\n\n\n\n<p>Und das sind die fertig bemalten Chillsteine. Sie stehen im Stadtgarten  Neuenrade&nbsp;gegen\u00fcber der Stadtverwaltung und dem Hotel Kaisergarten. Die  Projektinitiatorin Irmhild Hartstein wurde \u00fcbrigens daf\u00fcr im November  2010 mit dem Preis&nbsp;&#8222;Kultur pr\u00e4gt! K\u00fcnstlerinnen und K\u00fcnstler begegnen  Kindern und Jugendlichen&#8220; des Landes NRW ausgezeichnet. Hoch verdient,  wie ich finde. <\/p>\n\n\n\n<div style=\"height:100px\" aria-hidden=\"true\" class=\"wp-block-spacer\"><\/div>\n","protected":false},"excerpt":{"rendered":"<p>Das Projekt &#8222;Chillsteine&#8220; fand im Sommer 2009 in dem kleinen aber in Sachen Kultur sehr aktiven Sauerlandort Neuenrade statt. Irmhild Hartstein, der Leiterin der KIKU Kunstwerkstatt&nbsp;ging es darum, Jugendlichen zu zeigen, wie sie selbst ihre Stadt mitgestalten und dabei eigene Spuren im Stadtbild hinterlassen k\u00f6nnen, die \u00fcber Gewalt und Graffiti hinaus gehen. So entstand die [&hellip;]<\/p>\n","protected":false},"author":1,"featured_media":655,"comment_status":"open","ping_status":"closed","sticky":false,"template":"","format":"standard","meta":[],"categories":[4],"tags":[],"yoast_head":"<!-- This site is optimized with the Yoast SEO plugin v15.9.2 - https:\/\/yoast.com\/wordpress\/plugins\/seo\/ -->\n<title>Chillsteine - Sven Backstein<\/title>\n<meta name=\"robots\" content=\"index, follow, max-snippet:-1, max-image-preview:large, max-video-preview:-1\" \/>\n<link rel=\"canonical\" href=\"https:\/\/www.backstein-objekte.de\/index.php\/fotoalbum\/chillsteine\/\" \/>\n<meta property=\"og:locale\" content=\"de_DE\" \/>\n<meta property=\"og:type\" content=\"article\" \/>\n<meta property=\"og:title\" content=\"Chillsteine - Sven Backstein\" \/>\n<meta property=\"og:description\" content=\"Das Projekt &#8222;Chillsteine&#8220; fand im Sommer 2009 in dem kleinen aber in Sachen Kultur sehr aktiven Sauerlandort Neuenrade statt. Irmhild Hartstein, der Leiterin der KIKU Kunstwerkstatt&nbsp;ging es darum, Jugendlichen zu zeigen, wie sie selbst ihre Stadt mitgestalten und dabei eigene Spuren im Stadtbild hinterlassen k\u00f6nnen, die \u00fcber Gewalt und Graffiti hinaus gehen. So entstand die [&hellip;]\" \/>\n<meta property=\"og:url\" content=\"https:\/\/www.backstein-objekte.de\/index.php\/fotoalbum\/chillsteine\/\" \/>\n<meta property=\"og:site_name\" content=\"Sven Backstein\" \/>\n<meta property=\"article:published_time\" content=\"2020-04-11T11:03:52+00:00\" \/>\n<meta property=\"article:modified_time\" content=\"2020-04-13T10:35:17+00:00\" \/>\n<meta property=\"og:image\" content=\"https:\/\/www.backstein-objekte.de\/wp-content\/uploads\/2020\/04\/Chillsteine_10.jpg\" \/>\n\t<meta property=\"og:image:width\" content=\"413\" \/>\n\t<meta property=\"og:image:height\" content=\"267\" \/>\n<meta name=\"twitter:card\" content=\"summary_large_image\" \/>\n<meta name=\"twitter:label1\" content=\"Gesch\u00e4tzte Lesezeit\">\n\t<meta name=\"twitter:data1\" content=\"2\u00a0Minuten\">\n<script type=\"application\/ld+json\" class=\"yoast-schema-graph\">{\"@context\":\"https:\/\/schema.org\",\"@graph\":[{\"@type\":\"WebSite\",\"@id\":\"https:\/\/www.backstein-objekte.de\/#website\",\"url\":\"https:\/\/www.backstein-objekte.de\/\",\"name\":\"Sven Backstein\",\"description\":\"Kunst aus Beton\",\"potentialAction\":[{\"@type\":\"SearchAction\",\"target\":\"https:\/\/www.backstein-objekte.de\/?s={search_term_string}\",\"query-input\":\"required name=search_term_string\"}],\"inLanguage\":\"de\"},{\"@type\":\"ImageObject\",\"@id\":\"https:\/\/www.backstein-objekte.de\/index.php\/fotoalbum\/chillsteine\/#primaryimage\",\"inLanguage\":\"de\",\"url\":\"https:\/\/www.backstein-objekte.de\/wp-content\/uploads\/2020\/04\/Chillsteine_10.jpg\",\"width\":413,\"height\":267},{\"@type\":\"WebPage\",\"@id\":\"https:\/\/www.backstein-objekte.de\/index.php\/fotoalbum\/chillsteine\/#webpage\",\"url\":\"https:\/\/www.backstein-objekte.de\/index.php\/fotoalbum\/chillsteine\/\",\"name\":\"Chillsteine - Sven Backstein\",\"isPartOf\":{\"@id\":\"https:\/\/www.backstein-objekte.de\/#website\"},\"primaryImageOfPage\":{\"@id\":\"https:\/\/www.backstein-objekte.de\/index.php\/fotoalbum\/chillsteine\/#primaryimage\"},\"datePublished\":\"2020-04-11T11:03:52+00:00\",\"dateModified\":\"2020-04-13T10:35:17+00:00\",\"author\":{\"@id\":\"https:\/\/www.backstein-objekte.de\/#\/schema\/person\/0b84c58210052873bd903c8fd69a18e6\"},\"breadcrumb\":{\"@id\":\"https:\/\/www.backstein-objekte.de\/index.php\/fotoalbum\/chillsteine\/#breadcrumb\"},\"inLanguage\":\"de\",\"potentialAction\":[{\"@type\":\"ReadAction\",\"target\":[\"https:\/\/www.backstein-objekte.de\/index.php\/fotoalbum\/chillsteine\/\"]}]},{\"@type\":\"BreadcrumbList\",\"@id\":\"https:\/\/www.backstein-objekte.de\/index.php\/fotoalbum\/chillsteine\/#breadcrumb\",\"itemListElement\":[{\"@type\":\"ListItem\",\"position\":1,\"item\":{\"@type\":\"WebPage\",\"@id\":\"https:\/\/www.backstein-objekte.de\/\",\"url\":\"https:\/\/www.backstein-objekte.de\/\",\"name\":\"Home\"}},{\"@type\":\"ListItem\",\"position\":2,\"item\":{\"@type\":\"WebPage\",\"@id\":\"https:\/\/www.backstein-objekte.de\/index.php\/fotoalbum\/chillsteine\/\",\"url\":\"https:\/\/www.backstein-objekte.de\/index.php\/fotoalbum\/chillsteine\/\",\"name\":\"Chillsteine\"}}]},{\"@type\":\"Person\",\"@id\":\"https:\/\/www.backstein-objekte.de\/#\/schema\/person\/0b84c58210052873bd903c8fd69a18e6\",\"name\":\"Sven Backstein\",\"image\":{\"@type\":\"ImageObject\",\"@id\":\"https:\/\/www.backstein-objekte.de\/#personlogo\",\"inLanguage\":\"de\",\"url\":\"https:\/\/secure.gravatar.com\/avatar\/b6199e90e65acbacbae21b3264397a96?s=96&d=mm&r=g\",\"caption\":\"Sven Backstein\"}}]}<\/script>\n<!-- \/ Yoast SEO plugin. -->","_links":{"self":[{"href":"https:\/\/www.backstein-objekte.de\/index.php\/wp-json\/wp\/v2\/posts\/274"}],"collection":[{"href":"https:\/\/www.backstein-objekte.de\/index.php\/wp-json\/wp\/v2\/posts"}],"about":[{"href":"https:\/\/www.backstein-objekte.de\/index.php\/wp-json\/wp\/v2\/types\/post"}],"author":[{"embeddable":true,"href":"https:\/\/www.backstein-objekte.de\/index.php\/wp-json\/wp\/v2\/users\/1"}],"replies":[{"embeddable":true,"href":"https:\/\/www.backstein-objekte.de\/index.php\/wp-json\/wp\/v2\/comments?post=274"}],"version-history":[{"count":2,"href":"https:\/\/www.backstein-objekte.de\/index.php\/wp-json\/wp\/v2\/posts\/274\/revisions"}],"predecessor-version":[{"id":656,"href":"https:\/\/www.backstein-objekte.de\/index.php\/wp-json\/wp\/v2\/posts\/274\/revisions\/656"}],"wp:featuredmedia":[{"embeddable":true,"href":"https:\/\/www.backstein-objekte.de\/index.php\/wp-json\/wp\/v2\/media\/655"}],"wp:attachment":[{"href":"https:\/\/www.backstein-objekte.de\/index.php\/wp-json\/wp\/v2\/media?parent=274"}],"wp:term":[{"taxonomy":"category","embeddable":true,"href":"https:\/\/www.backstein-objekte.de\/index.php\/wp-json\/wp\/v2\/categories?post=274"},{"taxonomy":"post_tag","embeddable":true,"href":"https:\/\/www.backstein-objekte.de\/index.php\/wp-json\/wp\/v2\/tags?post=274"}],"curies":[{"name":"wp","href":"https:\/\/api.w.org\/{rel}","templated":true}]}}