{"id":231,"date":"2020-04-11T10:57:40","date_gmt":"2020-04-11T09:57:40","guid":{"rendered":"https:\/\/dev.backstein-objekte.de\/?p=231"},"modified":"2020-04-26T07:54:10","modified_gmt":"2020-04-26T06:54:10","slug":"restauration","status":"publish","type":"post","link":"https:\/\/www.backstein-objekte.de\/index.php\/fotoalbum\/restauration\/","title":{"rendered":"Restauration"},"content":{"rendered":"\n<div class=\"wp-block-image\"><figure class=\"alignright size-large\"><img loading=\"lazy\" width=\"413\" height=\"403\" src=\"https:\/\/dev.backstein-objekte.de\/wp-content\/uploads\/2020\/04\/Album_Johann_3.jpg\" alt=\"\" class=\"wp-image-620\" srcset=\"https:\/\/www.backstein-objekte.de\/wp-content\/uploads\/2020\/04\/Album_Johann_3.jpg 413w, https:\/\/www.backstein-objekte.de\/wp-content\/uploads\/2020\/04\/Album_Johann_3-300x293.jpg 300w, https:\/\/www.backstein-objekte.de\/wp-content\/uploads\/2020\/04\/Album_Johann_3-400x390.jpg 400w\" sizes=\"(max-width: 413px) 100vw, 413px\" \/><\/figure><\/div>\n\n\n\n<p>\u00dcbel\n zugerichtet war er ja, der gute Johann, ein Werk der Betonk\u00fcnstlerin \nVera Keune aus den 1980er Jahren. Randalierer hatten ihn aus seiner \nVerankerung gerissen, ihn eine Steintreppe hinuntergesto\u00dfen und dabei \nseinen Kopf&nbsp;&nbsp;vollst\u00e4ndig zertr\u00fcmmert. Der restliche K\u00f6rper war mit \nGewaltbr\u00fcchen \u00fcbers\u00e4t, und auch ein Fu\u00df fehlte.<\/p>\n\n\n\n<p>Die Arbeit begann also mit dem Zusammenpuzzeln aller Fragmente, die \nnoch auffindbar waren und sich nicht in Kr\u00fcmel zerlegt hatten. Wie man \nsieht, kamen alle wesentlichen Teile des Kopfes wieder zusammen, und so \nwar die Wiederherstellung der urspr\u00fcnglichen Gesichtsproportionen schon \nmal sichergestellt.<\/p>\n\n\n\n<div style=\"height:100px\" aria-hidden=\"true\" class=\"wp-block-spacer\"><\/div>\n\n\n\n<div class=\"wp-block-image\"><figure class=\"alignleft size-large\"><img loading=\"lazy\" width=\"413\" height=\"411\" src=\"https:\/\/dev.backstein-objekte.de\/wp-content\/uploads\/2020\/04\/Album_Johann_1.jpg\" alt=\"\" class=\"wp-image-618\" srcset=\"https:\/\/www.backstein-objekte.de\/wp-content\/uploads\/2020\/04\/Album_Johann_1.jpg 413w, https:\/\/www.backstein-objekte.de\/wp-content\/uploads\/2020\/04\/Album_Johann_1-300x300.jpg 300w, https:\/\/www.backstein-objekte.de\/wp-content\/uploads\/2020\/04\/Album_Johann_1-150x150.jpg 150w, https:\/\/www.backstein-objekte.de\/wp-content\/uploads\/2020\/04\/Album_Johann_1-400x398.jpg 400w\" sizes=\"(max-width: 413px) 100vw, 413px\" \/><\/figure><\/div>\n\n\n\n<p>Der Kopf musste nun wieder am Rumpf befestigt werden. Die  Stahlbewehrung, die ehemals schon den Kopf angebunden hatte und jetzt  nackt aus dem Hals ragte, wurde wieder zur Verankerung des Kopfes  verwendet. Ein noch vorhandenes Foto half bei der Wiederherstellung der  urspr\u00fcnglichen Blickrichtung. <\/p>\n\n\n\n<div style=\"height:100px\" aria-hidden=\"true\" class=\"wp-block-spacer\"><\/div>\n\n\n\n<div class=\"wp-block-image\"><figure class=\"alignright size-large\"><img loading=\"lazy\" width=\"413\" height=\"429\" src=\"https:\/\/dev.backstein-objekte.de\/wp-content\/uploads\/2020\/04\/Album_Johann_2.jpg\" alt=\"\" class=\"wp-image-619\" srcset=\"https:\/\/www.backstein-objekte.de\/wp-content\/uploads\/2020\/04\/Album_Johann_2.jpg 413w, https:\/\/www.backstein-objekte.de\/wp-content\/uploads\/2020\/04\/Album_Johann_2-289x300.jpg 289w, https:\/\/www.backstein-objekte.de\/wp-content\/uploads\/2020\/04\/Album_Johann_2-400x415.jpg 400w\" sizes=\"(max-width: 413px) 100vw, 413px\" \/><\/figure><\/div>\n\n\n\n<p>Nicht mit Beton, sondern ausnahmsweise mit Epoxidharz und Sand wurde der  Bewehrungsstahl im Inneren des Kopfes wieder verklebt. Dass nur einer  und nicht wie eigentlich n\u00f6tig zwei oder besser drei Stahldr\u00e4hte zur  Anbindung des Kopfes vorhanden war, erkl\u00e4rt, weshalb der Kopf so leicht  abfallen konnte. Andererseits war es vielleicht auch gut so, denn sonst  h\u00e4tte er wohl noch mehr Schl\u00e4ge abbekommen.  <\/p>\n\n\n\n<div style=\"height:100px\" aria-hidden=\"true\" class=\"wp-block-spacer\"><\/div>\n\n\n\n<div class=\"wp-block-image\"><figure class=\"alignleft size-large\"><img loading=\"lazy\" width=\"413\" height=\"357\" src=\"https:\/\/dev.backstein-objekte.de\/wp-content\/uploads\/2020\/04\/Album_Johann_4.jpg\" alt=\"\" class=\"wp-image-621\" srcset=\"https:\/\/www.backstein-objekte.de\/wp-content\/uploads\/2020\/04\/Album_Johann_4.jpg 413w, https:\/\/www.backstein-objekte.de\/wp-content\/uploads\/2020\/04\/Album_Johann_4-300x259.jpg 300w, https:\/\/www.backstein-objekte.de\/wp-content\/uploads\/2020\/04\/Album_Johann_4-400x346.jpg 400w\" sizes=\"(max-width: 413px) 100vw, 413px\" \/><\/figure><\/div>\n\n\n\n<p>Ebenfalls mit Epoxidharz wurden das wiedergefundene  Fu\u00dffragment&nbsp;angeklebt und die Risse im K\u00f6rper ausgespritzt. Jetzt noch  verbliebene gr\u00f6\u00dfere L\u00f6cher und der hohle Kopf wurden schlie\u00dflich mit  Zementm\u00f6rtel gef\u00fcllt und der restlichen K\u00f6rperkontur und  Oberfl\u00e4chenstruktur angeglichen. <\/p>\n\n\n\n<div style=\"height:100px\" aria-hidden=\"true\" class=\"wp-block-spacer\"><\/div>\n\n\n\n<div class=\"wp-block-image\"><figure class=\"alignright size-large\"><img loading=\"lazy\" width=\"413\" height=\"403\" src=\"https:\/\/dev.backstein-objekte.de\/wp-content\/uploads\/2020\/04\/Album_Johann_5.jpg\" alt=\"\" class=\"wp-image-622\" srcset=\"https:\/\/www.backstein-objekte.de\/wp-content\/uploads\/2020\/04\/Album_Johann_5.jpg 413w, https:\/\/www.backstein-objekte.de\/wp-content\/uploads\/2020\/04\/Album_Johann_5-300x293.jpg 300w, https:\/\/www.backstein-objekte.de\/wp-content\/uploads\/2020\/04\/Album_Johann_5-400x390.jpg 400w\" sizes=\"(max-width: 413px) 100vw, 413px\" \/><\/figure><\/div>\n\n\n\n<p> Ein neuer Farbanstrich beseitigte schlie\u00dflich noch die letzten Spuren  der Verw\u00fcstung und lie\u00df den guten Johann wieder aussehen wie neu. <\/p>\n\n\n\n<div style=\"height:100px\" aria-hidden=\"true\" class=\"wp-block-spacer\"><\/div>\n","protected":false},"excerpt":{"rendered":"<p>\u00dcbel zugerichtet war er ja, der gute Johann, ein Werk der Betonk\u00fcnstlerin Vera Keune aus den 1980er Jahren. Randalierer hatten ihn aus seiner Verankerung gerissen, ihn eine Steintreppe hinuntergesto\u00dfen und dabei seinen Kopf&nbsp;&nbsp;vollst\u00e4ndig zertr\u00fcmmert. Der restliche K\u00f6rper war mit Gewaltbr\u00fcchen \u00fcbers\u00e4t, und auch ein Fu\u00df fehlte. Die Arbeit begann also mit dem Zusammenpuzzeln aller Fragmente, [&hellip;]<\/p>\n","protected":false},"author":1,"featured_media":618,"comment_status":"open","ping_status":"closed","sticky":false,"template":"","format":"standard","meta":[],"categories":[4,2],"tags":[],"yoast_head":"<!-- This site is optimized with the Yoast SEO plugin v15.9.2 - https:\/\/yoast.com\/wordpress\/plugins\/seo\/ -->\n<title>Restauration - Sven Backstein<\/title>\n<meta name=\"robots\" content=\"index, follow, max-snippet:-1, max-image-preview:large, max-video-preview:-1\" \/>\n<link rel=\"canonical\" href=\"https:\/\/www.backstein-objekte.de\/index.php\/fotoalbum\/restauration\/\" \/>\n<meta property=\"og:locale\" content=\"de_DE\" \/>\n<meta property=\"og:type\" content=\"article\" \/>\n<meta property=\"og:title\" content=\"Restauration - Sven Backstein\" \/>\n<meta property=\"og:description\" content=\"\u00dcbel zugerichtet war er ja, der gute Johann, ein Werk der Betonk\u00fcnstlerin Vera Keune aus den 1980er Jahren. Randalierer hatten ihn aus seiner Verankerung gerissen, ihn eine Steintreppe hinuntergesto\u00dfen und dabei seinen Kopf&nbsp;&nbsp;vollst\u00e4ndig zertr\u00fcmmert. Der restliche K\u00f6rper war mit Gewaltbr\u00fcchen \u00fcbers\u00e4t, und auch ein Fu\u00df fehlte. Die Arbeit begann also mit dem Zusammenpuzzeln aller Fragmente, [&hellip;]\" \/>\n<meta property=\"og:url\" content=\"https:\/\/www.backstein-objekte.de\/index.php\/fotoalbum\/restauration\/\" \/>\n<meta property=\"og:site_name\" content=\"Sven Backstein\" \/>\n<meta property=\"article:published_time\" content=\"2020-04-11T09:57:40+00:00\" \/>\n<meta property=\"article:modified_time\" content=\"2020-04-26T06:54:10+00:00\" \/>\n<meta property=\"og:image\" content=\"https:\/\/www.backstein-objekte.de\/wp-content\/uploads\/2020\/04\/Album_Johann_1.jpg\" \/>\n\t<meta property=\"og:image:width\" content=\"413\" \/>\n\t<meta property=\"og:image:height\" content=\"411\" \/>\n<meta name=\"twitter:card\" content=\"summary_large_image\" \/>\n<meta name=\"twitter:label1\" content=\"Gesch\u00e4tzte Lesezeit\">\n\t<meta name=\"twitter:data1\" content=\"1\u00a0Minute\">\n<script type=\"application\/ld+json\" class=\"yoast-schema-graph\">{\"@context\":\"https:\/\/schema.org\",\"@graph\":[{\"@type\":\"WebSite\",\"@id\":\"https:\/\/www.backstein-objekte.de\/#website\",\"url\":\"https:\/\/www.backstein-objekte.de\/\",\"name\":\"Sven Backstein\",\"description\":\"Kunst aus Beton\",\"potentialAction\":[{\"@type\":\"SearchAction\",\"target\":\"https:\/\/www.backstein-objekte.de\/?s={search_term_string}\",\"query-input\":\"required name=search_term_string\"}],\"inLanguage\":\"de\"},{\"@type\":\"ImageObject\",\"@id\":\"https:\/\/www.backstein-objekte.de\/index.php\/fotoalbum\/restauration\/#primaryimage\",\"inLanguage\":\"de\",\"url\":\"https:\/\/www.backstein-objekte.de\/wp-content\/uploads\/2020\/04\/Album_Johann_1.jpg\",\"width\":413,\"height\":411},{\"@type\":\"WebPage\",\"@id\":\"https:\/\/www.backstein-objekte.de\/index.php\/fotoalbum\/restauration\/#webpage\",\"url\":\"https:\/\/www.backstein-objekte.de\/index.php\/fotoalbum\/restauration\/\",\"name\":\"Restauration - Sven Backstein\",\"isPartOf\":{\"@id\":\"https:\/\/www.backstein-objekte.de\/#website\"},\"primaryImageOfPage\":{\"@id\":\"https:\/\/www.backstein-objekte.de\/index.php\/fotoalbum\/restauration\/#primaryimage\"},\"datePublished\":\"2020-04-11T09:57:40+00:00\",\"dateModified\":\"2020-04-26T06:54:10+00:00\",\"author\":{\"@id\":\"https:\/\/www.backstein-objekte.de\/#\/schema\/person\/0b84c58210052873bd903c8fd69a18e6\"},\"breadcrumb\":{\"@id\":\"https:\/\/www.backstein-objekte.de\/index.php\/fotoalbum\/restauration\/#breadcrumb\"},\"inLanguage\":\"de\",\"potentialAction\":[{\"@type\":\"ReadAction\",\"target\":[\"https:\/\/www.backstein-objekte.de\/index.php\/fotoalbum\/restauration\/\"]}]},{\"@type\":\"BreadcrumbList\",\"@id\":\"https:\/\/www.backstein-objekte.de\/index.php\/fotoalbum\/restauration\/#breadcrumb\",\"itemListElement\":[{\"@type\":\"ListItem\",\"position\":1,\"item\":{\"@type\":\"WebPage\",\"@id\":\"https:\/\/www.backstein-objekte.de\/\",\"url\":\"https:\/\/www.backstein-objekte.de\/\",\"name\":\"Home\"}},{\"@type\":\"ListItem\",\"position\":2,\"item\":{\"@type\":\"WebPage\",\"@id\":\"https:\/\/www.backstein-objekte.de\/index.php\/fotoalbum\/restauration\/\",\"url\":\"https:\/\/www.backstein-objekte.de\/index.php\/fotoalbum\/restauration\/\",\"name\":\"Restauration\"}}]},{\"@type\":\"Person\",\"@id\":\"https:\/\/www.backstein-objekte.de\/#\/schema\/person\/0b84c58210052873bd903c8fd69a18e6\",\"name\":\"Sven Backstein\",\"image\":{\"@type\":\"ImageObject\",\"@id\":\"https:\/\/www.backstein-objekte.de\/#personlogo\",\"inLanguage\":\"de\",\"url\":\"https:\/\/secure.gravatar.com\/avatar\/b6199e90e65acbacbae21b3264397a96?s=96&d=mm&r=g\",\"caption\":\"Sven Backstein\"}}]}<\/script>\n<!-- \/ Yoast SEO plugin. -->","_links":{"self":[{"href":"https:\/\/www.backstein-objekte.de\/index.php\/wp-json\/wp\/v2\/posts\/231"}],"collection":[{"href":"https:\/\/www.backstein-objekte.de\/index.php\/wp-json\/wp\/v2\/posts"}],"about":[{"href":"https:\/\/www.backstein-objekte.de\/index.php\/wp-json\/wp\/v2\/types\/post"}],"author":[{"embeddable":true,"href":"https:\/\/www.backstein-objekte.de\/index.php\/wp-json\/wp\/v2\/users\/1"}],"replies":[{"embeddable":true,"href":"https:\/\/www.backstein-objekte.de\/index.php\/wp-json\/wp\/v2\/comments?post=231"}],"version-history":[{"count":10,"href":"https:\/\/www.backstein-objekte.de\/index.php\/wp-json\/wp\/v2\/posts\/231\/revisions"}],"predecessor-version":[{"id":623,"href":"https:\/\/www.backstein-objekte.de\/index.php\/wp-json\/wp\/v2\/posts\/231\/revisions\/623"}],"wp:featuredmedia":[{"embeddable":true,"href":"https:\/\/www.backstein-objekte.de\/index.php\/wp-json\/wp\/v2\/media\/618"}],"wp:attachment":[{"href":"https:\/\/www.backstein-objekte.de\/index.php\/wp-json\/wp\/v2\/media?parent=231"}],"wp:term":[{"taxonomy":"category","embeddable":true,"href":"https:\/\/www.backstein-objekte.de\/index.php\/wp-json\/wp\/v2\/categories?post=231"},{"taxonomy":"post_tag","embeddable":true,"href":"https:\/\/www.backstein-objekte.de\/index.php\/wp-json\/wp\/v2\/tags?post=231"}],"curies":[{"name":"wp","href":"https:\/\/api.w.org\/{rel}","templated":true}]}}